{"id":482,"date":"2026-04-27T09:00:00","date_gmt":"2026-04-27T07:00:00","guid":{"rendered":"https:\/\/mu.coherences.com\/ecoleduregard\/?p=482"},"modified":"2026-04-28T12:28:17","modified_gmt":"2026-04-28T10:28:17","slug":"une-ecole-du-regard","status":"publish","type":"post","link":"https:\/\/mu.coherences.com\/ecoleduregard\/2026\/04\/27\/une-ecole-du-regard\/","title":{"rendered":"Une Ecole du Regard"},"content":{"rendered":"\n<figure class=\"wp-block-image size-full\"><img loading=\"lazy\" decoding=\"async\" width=\"709\" height=\"531\" src=\"https:\/\/mu.coherences.com\/ecoleduregard\/wp-content\/uploads\/sites\/4\/2025\/03\/P1020695.jpg\" alt=\"\" class=\"wp-image-526\" srcset=\"https:\/\/mu.coherences.com\/ecoleduregard\/wp-content\/uploads\/sites\/4\/2025\/03\/P1020695.jpg 709w, https:\/\/mu.coherences.com\/ecoleduregard\/wp-content\/uploads\/sites\/4\/2025\/03\/P1020695-300x225.jpg 300w\" sizes=\"auto, (max-width: 709px) 85vw, (max-width: 909px) 67vw, (max-width: 984px) 61vw, (max-width: 1362px) 45vw, 600px\" \/><\/figure>\n\n\n\n<p class=\"has-text-align-center\">Un parcours de cr\u00e9ation en peinture <br>nourri par les \u00e9changes et les exp\u00e9riences<\/p>\n\n\n\n<p class=\"has-text-align-center\"><a href=\"https:\/\/mu.coherences.com\/ecoleduregard\/la-plaquette\/\">Plaquette \u00e0 t\u00e9l\u00e9charger<\/a><\/p>\n","protected":false},"excerpt":{"rendered":"<p>Un parcours de cr\u00e9ation en peinture nourri par les \u00e9changes et les exp\u00e9riences Plaquette \u00e0 t\u00e9l\u00e9charger<\/p>\n","protected":false},"author":1,"featured_media":0,"comment_status":"closed","ping_status":"open","sticky":false,"template":"","format":"standard","meta":{"ngg_post_thumbnail":0,"footnotes":""},"categories":[1],"tags":[],"class_list":["post-482","post","type-post","status-publish","format-standard","hentry","category-non-classe"],"yoast_head":"<!-- This site is optimized with the Yoast SEO plugin v27.5 - https:\/\/yoast.com\/product\/yoast-seo-wordpress\/ -->\n<title>Une Ecole du Regard - Bienvenu.e !<\/title>\n<meta name=\"robots\" content=\"index, follow, max-snippet:-1, max-image-preview:large, max-video-preview:-1\" \/>\n<link rel=\"canonical\" href=\"https:\/\/mu.coherences.com\/ecoleduregard\/2026\/04\/27\/une-ecole-du-regard\/\" \/>\n<meta property=\"og:locale\" content=\"fr_FR\" \/>\n<meta property=\"og:type\" content=\"article\" \/>\n<meta property=\"og:title\" content=\"Une Ecole du Regard - Bienvenu.e !\" \/>\n<meta property=\"og:description\" content=\"Un parcours de cr\u00e9ation en peinture nourri par les \u00e9changes et les exp\u00e9riences Plaquette \u00e0 t\u00e9l\u00e9charger\" \/>\n<meta property=\"og:url\" content=\"https:\/\/mu.coherences.com\/ecoleduregard\/2026\/04\/27\/une-ecole-du-regard\/\" \/>\n<meta property=\"og:site_name\" content=\"Bienvenu.e !\" \/>\n<meta property=\"article:author\" content=\"https:\/\/www.facebook.com\/profile.php?id=100010183357886\" \/>\n<meta property=\"article:published_time\" content=\"2026-04-27T07:00:00+00:00\" \/>\n<meta property=\"article:modified_time\" content=\"2026-04-28T10:28:17+00:00\" \/>\n<meta property=\"og:image\" content=\"https:\/\/mu.coherences.com\/ecoleduregard\/wp-content\/uploads\/sites\/4\/2025\/03\/P1020695.jpg\" \/>\n<meta name=\"author\" content=\"murielney\" \/>\n<meta name=\"twitter:card\" content=\"summary_large_image\" \/>\n<meta name=\"twitter:label1\" content=\"\u00c9crit par\" \/>\n\t<meta name=\"twitter:data1\" content=\"murielney\" \/>\n\t<meta name=\"twitter:label2\" content=\"Dur\u00e9e de lecture estim\u00e9e\" \/>\n\t<meta name=\"twitter:data2\" content=\"1 minute\" \/>\n<script type=\"application\/ld+json\" class=\"yoast-schema-graph\">{\"@context\":\"https:\\\/\\\/schema.org\",\"@graph\":[{\"@type\":\"Article\",\"@id\":\"https:\\\/\\\/mu.coherences.com\\\/ecoleduregard\\\/2026\\\/04\\\/27\\\/une-ecole-du-regard\\\/#article\",\"isPartOf\":{\"@id\":\"https:\\\/\\\/mu.coherences.com\\\/ecoleduregard\\\/2026\\\/04\\\/27\\\/une-ecole-du-regard\\\/\"},\"author\":{\"name\":\"murielney\",\"@id\":\"https:\\\/\\\/mu.coherences.com\\\/ecoleduregard\\\/#\\\/schema\\\/person\\\/9636eaa9b551acc278e109fd10ab5951\"},\"headline\":\"Une Ecole du Regard\",\"datePublished\":\"2026-04-27T07:00:00+00:00\",\"dateModified\":\"2026-04-28T10:28:17+00:00\",\"mainEntityOfPage\":{\"@id\":\"https:\\\/\\\/mu.coherences.com\\\/ecoleduregard\\\/2026\\\/04\\\/27\\\/une-ecole-du-regard\\\/\"},\"wordCount\":23,\"image\":{\"@id\":\"https:\\\/\\\/mu.coherences.com\\\/ecoleduregard\\\/2026\\\/04\\\/27\\\/une-ecole-du-regard\\\/#primaryimage\"},\"thumbnailUrl\":\"https:\\\/\\\/mu.coherences.com\\\/ecoleduregard\\\/wp-content\\\/uploads\\\/sites\\\/4\\\/2025\\\/03\\\/P1020695.jpg\",\"inLanguage\":\"fr-FR\"},{\"@type\":\"WebPage\",\"@id\":\"https:\\\/\\\/mu.coherences.com\\\/ecoleduregard\\\/2026\\\/04\\\/27\\\/une-ecole-du-regard\\\/\",\"url\":\"https:\\\/\\\/mu.coherences.com\\\/ecoleduregard\\\/2026\\\/04\\\/27\\\/une-ecole-du-regard\\\/\",\"name\":\"Une Ecole du Regard - Bienvenu.e !\",\"isPartOf\":{\"@id\":\"https:\\\/\\\/mu.coherences.com\\\/ecoleduregard\\\/#website\"},\"primaryImageOfPage\":{\"@id\":\"https:\\\/\\\/mu.coherences.com\\\/ecoleduregard\\\/2026\\\/04\\\/27\\\/une-ecole-du-regard\\\/#primaryimage\"},\"image\":{\"@id\":\"https:\\\/\\\/mu.coherences.com\\\/ecoleduregard\\\/2026\\\/04\\\/27\\\/une-ecole-du-regard\\\/#primaryimage\"},\"thumbnailUrl\":\"https:\\\/\\\/mu.coherences.com\\\/ecoleduregard\\\/wp-content\\\/uploads\\\/sites\\\/4\\\/2025\\\/03\\\/P1020695.jpg\",\"datePublished\":\"2026-04-27T07:00:00+00:00\",\"dateModified\":\"2026-04-28T10:28:17+00:00\",\"author\":{\"@id\":\"https:\\\/\\\/mu.coherences.com\\\/ecoleduregard\\\/#\\\/schema\\\/person\\\/9636eaa9b551acc278e109fd10ab5951\"},\"breadcrumb\":{\"@id\":\"https:\\\/\\\/mu.coherences.com\\\/ecoleduregard\\\/2026\\\/04\\\/27\\\/une-ecole-du-regard\\\/#breadcrumb\"},\"inLanguage\":\"fr-FR\",\"potentialAction\":[{\"@type\":\"ReadAction\",\"target\":[\"https:\\\/\\\/mu.coherences.com\\\/ecoleduregard\\\/2026\\\/04\\\/27\\\/une-ecole-du-regard\\\/\"]}]},{\"@type\":\"ImageObject\",\"inLanguage\":\"fr-FR\",\"@id\":\"https:\\\/\\\/mu.coherences.com\\\/ecoleduregard\\\/2026\\\/04\\\/27\\\/une-ecole-du-regard\\\/#primaryimage\",\"url\":\"https:\\\/\\\/mu.coherences.com\\\/ecoleduregard\\\/wp-content\\\/uploads\\\/sites\\\/4\\\/2025\\\/03\\\/P1020695.jpg\",\"contentUrl\":\"https:\\\/\\\/mu.coherences.com\\\/ecoleduregard\\\/wp-content\\\/uploads\\\/sites\\\/4\\\/2025\\\/03\\\/P1020695.jpg\",\"width\":709,\"height\":531},{\"@type\":\"BreadcrumbList\",\"@id\":\"https:\\\/\\\/mu.coherences.com\\\/ecoleduregard\\\/2026\\\/04\\\/27\\\/une-ecole-du-regard\\\/#breadcrumb\",\"itemListElement\":[{\"@type\":\"ListItem\",\"position\":1,\"name\":\"Accueil\",\"item\":\"https:\\\/\\\/mu.coherences.com\\\/ecoleduregard\\\/\"},{\"@type\":\"ListItem\",\"position\":2,\"name\":\"Une Ecole du Regard\"}]},{\"@type\":\"WebSite\",\"@id\":\"https:\\\/\\\/mu.coherences.com\\\/ecoleduregard\\\/#website\",\"url\":\"https:\\\/\\\/mu.coherences.com\\\/ecoleduregard\\\/\",\"name\":\"Bienvenu.e !\",\"description\":\"\",\"potentialAction\":[{\"@type\":\"SearchAction\",\"target\":{\"@type\":\"EntryPoint\",\"urlTemplate\":\"https:\\\/\\\/mu.coherences.com\\\/ecoleduregard\\\/?s={search_term_string}\"},\"query-input\":{\"@type\":\"PropertyValueSpecification\",\"valueRequired\":true,\"valueName\":\"search_term_string\"}}],\"inLanguage\":\"fr-FR\"},{\"@type\":\"Person\",\"@id\":\"https:\\\/\\\/mu.coherences.com\\\/ecoleduregard\\\/#\\\/schema\\\/person\\\/9636eaa9b551acc278e109fd10ab5951\",\"name\":\"murielney\",\"image\":{\"@type\":\"ImageObject\",\"inLanguage\":\"fr-FR\",\"@id\":\"https:\\\/\\\/secure.gravatar.com\\\/avatar\\\/1910856c237207117fb00198fda507fa8697eac0a566b2b7103375f15480cfaa?s=96&d=mm&r=g\",\"url\":\"https:\\\/\\\/secure.gravatar.com\\\/avatar\\\/1910856c237207117fb00198fda507fa8697eac0a566b2b7103375f15480cfaa?s=96&d=mm&r=g\",\"contentUrl\":\"https:\\\/\\\/secure.gravatar.com\\\/avatar\\\/1910856c237207117fb00198fda507fa8697eac0a566b2b7103375f15480cfaa?s=96&d=mm&r=g\",\"caption\":\"murielney\"},\"description\":\"Muriel Ney artiste peintre, anime des stages de cr\u00e9ativit\u00e9 et peinture, et a fond\u00e9 une \u00e9cole du regard\",\"sameAs\":[\"https:\\\/\\\/www.facebook.com\\\/profile.php?id=100010183357886\",\"@etilesum3237\"],\"url\":\"https:\\\/\\\/mu.coherences.com\\\/ecoleduregard\\\/author\\\/murielney\\\/\"}]}<\/script>\n<!-- \/ Yoast SEO plugin. -->","yoast_head_json":{"title":"Une Ecole du Regard - Bienvenu.e !","robots":{"index":"index","follow":"follow","max-snippet":"max-snippet:-1","max-image-preview":"max-image-preview:large","max-video-preview":"max-video-preview:-1"},"canonical":"https:\/\/mu.coherences.com\/ecoleduregard\/2026\/04\/27\/une-ecole-du-regard\/","og_locale":"fr_FR","og_type":"article","og_title":"Une Ecole du Regard - Bienvenu.e !","og_description":"Un parcours de cr\u00e9ation en peinture nourri par les \u00e9changes et les exp\u00e9riences Plaquette \u00e0 t\u00e9l\u00e9charger","og_url":"https:\/\/mu.coherences.com\/ecoleduregard\/2026\/04\/27\/une-ecole-du-regard\/","og_site_name":"Bienvenu.e !","article_author":"https:\/\/www.facebook.com\/profile.php?id=100010183357886","article_published_time":"2026-04-27T07:00:00+00:00","article_modified_time":"2026-04-28T10:28:17+00:00","og_image":[{"url":"https:\/\/mu.coherences.com\/ecoleduregard\/wp-content\/uploads\/sites\/4\/2025\/03\/P1020695.jpg","type":"","width":"","height":""}],"author":"murielney","twitter_card":"summary_large_image","twitter_misc":{"\u00c9crit par":"murielney","Dur\u00e9e de lecture estim\u00e9e":"1 minute"},"schema":{"@context":"https:\/\/schema.org","@graph":[{"@type":"Article","@id":"https:\/\/mu.coherences.com\/ecoleduregard\/2026\/04\/27\/une-ecole-du-regard\/#article","isPartOf":{"@id":"https:\/\/mu.coherences.com\/ecoleduregard\/2026\/04\/27\/une-ecole-du-regard\/"},"author":{"name":"murielney","@id":"https:\/\/mu.coherences.com\/ecoleduregard\/#\/schema\/person\/9636eaa9b551acc278e109fd10ab5951"},"headline":"Une Ecole du Regard","datePublished":"2026-04-27T07:00:00+00:00","dateModified":"2026-04-28T10:28:17+00:00","mainEntityOfPage":{"@id":"https:\/\/mu.coherences.com\/ecoleduregard\/2026\/04\/27\/une-ecole-du-regard\/"},"wordCount":23,"image":{"@id":"https:\/\/mu.coherences.com\/ecoleduregard\/2026\/04\/27\/une-ecole-du-regard\/#primaryimage"},"thumbnailUrl":"https:\/\/mu.coherences.com\/ecoleduregard\/wp-content\/uploads\/sites\/4\/2025\/03\/P1020695.jpg","inLanguage":"fr-FR"},{"@type":"WebPage","@id":"https:\/\/mu.coherences.com\/ecoleduregard\/2026\/04\/27\/une-ecole-du-regard\/","url":"https:\/\/mu.coherences.com\/ecoleduregard\/2026\/04\/27\/une-ecole-du-regard\/","name":"Une Ecole du Regard - Bienvenu.e !","isPartOf":{"@id":"https:\/\/mu.coherences.com\/ecoleduregard\/#website"},"primaryImageOfPage":{"@id":"https:\/\/mu.coherences.com\/ecoleduregard\/2026\/04\/27\/une-ecole-du-regard\/#primaryimage"},"image":{"@id":"https:\/\/mu.coherences.com\/ecoleduregard\/2026\/04\/27\/une-ecole-du-regard\/#primaryimage"},"thumbnailUrl":"https:\/\/mu.coherences.com\/ecoleduregard\/wp-content\/uploads\/sites\/4\/2025\/03\/P1020695.jpg","datePublished":"2026-04-27T07:00:00+00:00","dateModified":"2026-04-28T10:28:17+00:00","author":{"@id":"https:\/\/mu.coherences.com\/ecoleduregard\/#\/schema\/person\/9636eaa9b551acc278e109fd10ab5951"},"breadcrumb":{"@id":"https:\/\/mu.coherences.com\/ecoleduregard\/2026\/04\/27\/une-ecole-du-regard\/#breadcrumb"},"inLanguage":"fr-FR","potentialAction":[{"@type":"ReadAction","target":["https:\/\/mu.coherences.com\/ecoleduregard\/2026\/04\/27\/une-ecole-du-regard\/"]}]},{"@type":"ImageObject","inLanguage":"fr-FR","@id":"https:\/\/mu.coherences.com\/ecoleduregard\/2026\/04\/27\/une-ecole-du-regard\/#primaryimage","url":"https:\/\/mu.coherences.com\/ecoleduregard\/wp-content\/uploads\/sites\/4\/2025\/03\/P1020695.jpg","contentUrl":"https:\/\/mu.coherences.com\/ecoleduregard\/wp-content\/uploads\/sites\/4\/2025\/03\/P1020695.jpg","width":709,"height":531},{"@type":"BreadcrumbList","@id":"https:\/\/mu.coherences.com\/ecoleduregard\/2026\/04\/27\/une-ecole-du-regard\/#breadcrumb","itemListElement":[{"@type":"ListItem","position":1,"name":"Accueil","item":"https:\/\/mu.coherences.com\/ecoleduregard\/"},{"@type":"ListItem","position":2,"name":"Une Ecole du Regard"}]},{"@type":"WebSite","@id":"https:\/\/mu.coherences.com\/ecoleduregard\/#website","url":"https:\/\/mu.coherences.com\/ecoleduregard\/","name":"Bienvenu.e !","description":"","potentialAction":[{"@type":"SearchAction","target":{"@type":"EntryPoint","urlTemplate":"https:\/\/mu.coherences.com\/ecoleduregard\/?s={search_term_string}"},"query-input":{"@type":"PropertyValueSpecification","valueRequired":true,"valueName":"search_term_string"}}],"inLanguage":"fr-FR"},{"@type":"Person","@id":"https:\/\/mu.coherences.com\/ecoleduregard\/#\/schema\/person\/9636eaa9b551acc278e109fd10ab5951","name":"murielney","image":{"@type":"ImageObject","inLanguage":"fr-FR","@id":"https:\/\/secure.gravatar.com\/avatar\/1910856c237207117fb00198fda507fa8697eac0a566b2b7103375f15480cfaa?s=96&d=mm&r=g","url":"https:\/\/secure.gravatar.com\/avatar\/1910856c237207117fb00198fda507fa8697eac0a566b2b7103375f15480cfaa?s=96&d=mm&r=g","contentUrl":"https:\/\/secure.gravatar.com\/avatar\/1910856c237207117fb00198fda507fa8697eac0a566b2b7103375f15480cfaa?s=96&d=mm&r=g","caption":"murielney"},"description":"Muriel Ney artiste peintre, anime des stages de cr\u00e9ativit\u00e9 et peinture, et a fond\u00e9 une \u00e9cole du regard","sameAs":["https:\/\/www.facebook.com\/profile.php?id=100010183357886","@etilesum3237"],"url":"https:\/\/mu.coherences.com\/ecoleduregard\/author\/murielney\/"}]}},"_links":{"self":[{"href":"https:\/\/mu.coherences.com\/ecoleduregard\/wp-json\/wp\/v2\/posts\/482","targetHints":{"allow":["GET"]}}],"collection":[{"href":"https:\/\/mu.coherences.com\/ecoleduregard\/wp-json\/wp\/v2\/posts"}],"about":[{"href":"https:\/\/mu.coherences.com\/ecoleduregard\/wp-json\/wp\/v2\/types\/post"}],"author":[{"embeddable":true,"href":"https:\/\/mu.coherences.com\/ecoleduregard\/wp-json\/wp\/v2\/users\/1"}],"replies":[{"embeddable":true,"href":"https:\/\/mu.coherences.com\/ecoleduregard\/wp-json\/wp\/v2\/comments?post=482"}],"version-history":[{"count":19,"href":"https:\/\/mu.coherences.com\/ecoleduregard\/wp-json\/wp\/v2\/posts\/482\/revisions"}],"predecessor-version":[{"id":658,"href":"https:\/\/mu.coherences.com\/ecoleduregard\/wp-json\/wp\/v2\/posts\/482\/revisions\/658"}],"wp:attachment":[{"href":"https:\/\/mu.coherences.com\/ecoleduregard\/wp-json\/wp\/v2\/media?parent=482"}],"wp:term":[{"taxonomy":"category","embeddable":true,"href":"https:\/\/mu.coherences.com\/ecoleduregard\/wp-json\/wp\/v2\/categories?post=482"},{"taxonomy":"post_tag","embeddable":true,"href":"https:\/\/mu.coherences.com\/ecoleduregard\/wp-json\/wp\/v2\/tags?post=482"}],"curies":[{"name":"wp","href":"https:\/\/api.w.org\/{rel}","templated":true}]}}