{"id":29,"date":"2026-04-23T16:25:56","date_gmt":"2026-04-23T14:25:56","guid":{"rendered":"https:\/\/mu.coherences.com\/ecoleduregard\/?p=29"},"modified":"2026-04-28T12:28:54","modified_gmt":"2026-04-28T10:28:54","slug":"lequipe-lethique","status":"publish","type":"post","link":"http:\/\/mu.coherences.com\/ecoleduregard\/2026\/04\/23\/lequipe-lethique\/","title":{"rendered":"L&rsquo;\u00e9quipe"},"content":{"rendered":"\n<figure class=\"wp-block-image size-full\"><img loading=\"lazy\" decoding=\"async\" width=\"472\" height=\"476\" src=\"http:\/\/mu.coherences.com\/ecoleduregard\/wp-content\/uploads\/sites\/4\/2025\/03\/MurielNey-Pieds-1.jpg\" alt=\"\" class=\"wp-image-523\" srcset=\"http:\/\/mu.coherences.com\/ecoleduregard\/wp-content\/uploads\/sites\/4\/2025\/03\/MurielNey-Pieds-1.jpg 472w, http:\/\/mu.coherences.com\/ecoleduregard\/wp-content\/uploads\/sites\/4\/2025\/03\/MurielNey-Pieds-1-297x300.jpg 297w, http:\/\/mu.coherences.com\/ecoleduregard\/wp-content\/uploads\/sites\/4\/2025\/03\/MurielNey-Pieds-1-150x150.jpg 150w\" sizes=\"auto, (max-width: 472px) 85vw, 472px\" \/><\/figure>\n\n\n\n<h3 class=\"wp-block-heading\"><strong>L&rsquo;\u00e9quipe se propose de :<\/strong><\/h3>\n\n\n\n<ul class=\"wp-block-list\">\n<li>Mettre en place un cadre clair et s\u00e9curisant<\/li>\n\n\n\n<li>Transmettre des pratiques n\u00e9es de l&rsquo;int\u00e9gration de nos exp\u00e9riences<\/li>\n\n\n\n<li>Prendre le temps de rencontrer l\u2019autre<\/li>\n\n\n\n<li>Porter attention au rythme et ajuster au fur et \u00e0 mesure<\/li>\n\n\n\n<li>Etre garante de la coh\u00e9sion du groupe<\/li>\n\n\n\n<li>Dans les temps d\u2019\u00e9change, veiller \u00e0 l\u2019authenticit\u00e9 et \u00e0 la circulation de la parole<\/li>\n\n\n\n<li>Jouer avec l\u2019impr\u00e9vu<\/li>\n\n\n\n<li>Laisser l\u2019espace aux initiatives<\/li>\n\n\n\n<li>Prendre les choses avec humour pour amener de la l\u00e9g\u00e8ret\u00e9 et de la simplicit\u00e9<\/li>\n<\/ul>\n\n\n\n<h3 class=\"wp-block-heading\"><strong>L&rsquo;\u00e9quipe<\/strong>, c&rsquo;est&#8230;<\/h3>\n\n\n\n<p>Quatre personnes qui co-cr\u00e9ent le parcours et animent en duo une grande partie des exp\u00e9riences.<\/p>\n\n\n\n<h5 class=\"wp-block-heading\"><strong>Muriel Ney<\/strong><\/h5>\n\n\n\n<figure class=\"wp-block-image size-full is-resized\"><img loading=\"lazy\" decoding=\"async\" width=\"623\" height=\"623\" src=\"https:\/\/mu.coherences.com\/ecoleduregard\/wp-content\/uploads\/sites\/4\/2025\/03\/Muriel-1.jpg\" alt=\"\" class=\"wp-image-672\" style=\"width:205px;height:auto\" srcset=\"http:\/\/mu.coherences.com\/ecoleduregard\/wp-content\/uploads\/sites\/4\/2025\/03\/Muriel-1.jpg 623w, http:\/\/mu.coherences.com\/ecoleduregard\/wp-content\/uploads\/sites\/4\/2025\/03\/Muriel-1-300x300.jpg 300w, http:\/\/mu.coherences.com\/ecoleduregard\/wp-content\/uploads\/sites\/4\/2025\/03\/Muriel-1-150x150.jpg 150w\" sizes=\"auto, (max-width: 709px) 85vw, (max-width: 909px) 67vw, (max-width: 984px) 61vw, (max-width: 1362px) 45vw, 600px\" \/><\/figure>\n\n\n\n<p><em>Une vie de chercheuse, de la mod\u00e9lisation scientifique \u00e0 la cr\u00e9ation artistique, avec la p\u00e9dagogie et la peinture comme passions de toujours<em>.<\/em> Des formations aux processus de cr\u00e9ation et sa transmission, \u00e0 l\u2019accompagnement et l\u2019\u00e9coute intime, me permettent un changement de cap professionnel qui me fait passer de chercheuse au CNRS \u00e0 animatrice de stages de cr\u00e9ativit\u00e9 artistique. <\/em><\/p>\n\n\n\n<p><em>J&rsquo;ai trouv\u00e9 ma voie, j&rsquo;accompagne les autres dans leurs recherches en peinture, pour leur donner confiance&#8230; \u00e0 oser leurs r\u00eaves, leur sensibilit\u00e9, leur beaut\u00e9 !<\/em><\/p>\n\n\n\n<p><a href=\"http:\/\/mu.coherences.com\" data-type=\"link\" data-id=\"mu.coherences.com\" target=\"_blank\" rel=\"noreferrer noopener\"><em>Mes peintures ici&#8230;<\/em><\/a><\/p>\n\n\n\n<h5 class=\"wp-block-heading\"><strong>Craig Sutto<\/strong>n<\/h5>\n\n\n\n<figure class=\"wp-block-image size-full is-resized\"><img loading=\"lazy\" decoding=\"async\" width=\"355\" height=\"355\" src=\"https:\/\/mu.coherences.com\/ecoleduregard\/wp-content\/uploads\/sites\/4\/2025\/03\/craig2.jpg\" alt=\"\" class=\"wp-image-677\" style=\"width:211px;height:auto\" srcset=\"http:\/\/mu.coherences.com\/ecoleduregard\/wp-content\/uploads\/sites\/4\/2025\/03\/craig2.jpg 355w, http:\/\/mu.coherences.com\/ecoleduregard\/wp-content\/uploads\/sites\/4\/2025\/03\/craig2-300x300.jpg 300w, http:\/\/mu.coherences.com\/ecoleduregard\/wp-content\/uploads\/sites\/4\/2025\/03\/craig2-150x150.jpg 150w\" sizes=\"auto, (max-width: 355px) 85vw, 355px\" \/><\/figure>\n\n\n\n<p><em>Une enfance pass\u00e9e \u00e0 cr\u00e9er avec des legos, \u00e0 dessiner, inventer des histoires, me d\u00e9guiser, apprendre la magie avec mon grand-p\u00e8re\u2026 ou \u00e0 regarder les choses, les textures, \u00e0 travers la lentille de mon petit projecteur en plastique rouge puis, plus tard, avec un microscope ou un t\u00e9lescope. J\u2019ai toujours cherch\u00e9 \u00e0 voir et \u00e0 vivre au-del\u00e0 des apparences. Apr\u00e8s, il y a eu la photographie, la cr\u00e9ation de bijoux, la peinture et l\u2019\u00e9criture, toujours dans une optique de cr\u00e9er, d\u2019inventer, de me surprendre, avec le bonheur que cela procure. <\/em><\/p>\n\n\n\n<p><em>Maintenant, gr\u00e2ce \u00e0 l\u2019\u00c9cole du Regard, j\u2019ai envie d\u2019aider d\u2019autres \u00e0 d\u00e9couvrir ce bonheur, \u00e0 cultiver leur imagination et augmenter leur cr\u00e9ativit\u00e9 propre.<\/em><\/p>\n\n\n\n<p><em><a href=\"http:\/\/mu.coherences.com\/craigsutton\" data-type=\"link\" data-id=\"http:\/\/mu.coherences.com\/craigsutton\" target=\"_blank\" rel=\"noreferrer noopener\">Mes cr\u00e9ations ici&#8230;<\/a><\/em><\/p>\n\n\n\n<h5 class=\"wp-block-heading\"><strong>Amanda Bouilloux<\/strong><\/h5>\n\n\n\n<figure class=\"wp-block-image size-full is-resized\"><img loading=\"lazy\" decoding=\"async\" width=\"166\" height=\"166\" src=\"https:\/\/mu.coherences.com\/ecoleduregard\/wp-content\/uploads\/sites\/4\/2025\/03\/amanda.jpeg\" alt=\"\" class=\"wp-image-667\" style=\"width:207px;height:auto\" srcset=\"http:\/\/mu.coherences.com\/ecoleduregard\/wp-content\/uploads\/sites\/4\/2025\/03\/amanda.jpeg 166w, http:\/\/mu.coherences.com\/ecoleduregard\/wp-content\/uploads\/sites\/4\/2025\/03\/amanda-150x150.jpeg 150w\" sizes=\"auto, (max-width: 166px) 85vw, 166px\" \/><\/figure>\n\n\n\n<p><em>Le corps en mouvement est ce qui me porte depuis mon enfance. Que ce soit en tant que danseuse, chor\u00e9graphe ou cr\u00e9atrice de la forme \u00ab&nbsp;Mise en mouvement&nbsp;\u00bb, je m&rsquo;interroge sur notre relation au corps et comment nous pouvons mettre de la conscience sur sa respiration, ses sensations et son vivant.<\/em><\/p>\n\n\n\n<p><em>A travers l&rsquo;exploration, la relation \u00e0 soi, \u00e0 l&rsquo;autre et \u00e0 l&rsquo;espace, avec le jeu et l&rsquo;\u00e9coute, j&rsquo;invite chaque personne \u00e0 une rencontre intime, parfois dr\u00f4le ou plus sensible et avec la douceur comme moteur.<\/em><\/p>\n\n\n\n<p><a href=\"https:\/\/amandabouilloux.jimdofree.com\/\" data-type=\"link\" data-id=\"https:\/\/amandabouilloux.jimdofree.com\/\" target=\"_blank\" rel=\"noreferrer noopener\"><em>Mes propositions ici&#8230;<\/em><\/a><\/p>\n\n\n\n<h5 class=\"wp-block-heading\"><strong>Fr\u00e9d\u00e9rique Martinet<\/strong><\/h5>\n\n\n\n<figure class=\"wp-block-image size-full is-resized\"><img loading=\"lazy\" decoding=\"async\" width=\"235\" height=\"234\" src=\"https:\/\/mu.coherences.com\/ecoleduregard\/wp-content\/uploads\/sites\/4\/2025\/03\/Fred2.jpeg\" alt=\"\" class=\"wp-image-679\" style=\"width:214px;height:auto\" srcset=\"http:\/\/mu.coherences.com\/ecoleduregard\/wp-content\/uploads\/sites\/4\/2025\/03\/Fred2.jpeg 235w, http:\/\/mu.coherences.com\/ecoleduregard\/wp-content\/uploads\/sites\/4\/2025\/03\/Fred2-150x150.jpeg 150w\" sizes=\"auto, (max-width: 235px) 85vw, 235px\" \/><\/figure>\n\n\n\n<p><em>Merci, merci, merci&#8230; \u00e0 mes parents pour l\u2019humour, \u00e0 ma grand-m\u00e8re pour les cr\u00e9ations-bricolages avec ce qu\u2019on a sous la main, \u00e0 l\u2019\u00e9cole pour l\u2019envie qu\u2019elle m\u2019a donn\u00e9e d\u2019apprendre ailleurs, au yoga pour la tentative de sentir mon corps, \u00e0 mes enfants pour l\u2019alerte face \u00e0 la toute puissance, \u00e0 Brigitte S\u00e9n\u00e9ca pour la pugnacit\u00e9 en peinture, au Coeur Th\u00e9rapeute pour les bases de l\u2019accompagnement psycho-corporel, \u00e0 Mandoline Whittlesey pour un autre regard sur le syst\u00e8me nerveux et le corps, merci aux oiseaux, aux ami\/es, aux arbres, aux gens et \u00e0 leurs p\u00e9pites, aux saisons\u2026<\/em><\/p>\n\n\n\n<p><em>J\u2019ai \u00e0 coeur chaque jour de partager ces cadeaux tant dans les rencontres individuelles qu\u2019au sein de groupes motiv\u00e9s par la peinture, la pr\u00e9sence au corps et ce qui lie les deux.<\/em><\/p>\n\n\n\n<p><a href=\"https:\/\/etilesum.fr\/sample-page\/frederique-martinet\/peintures-de-frederique-juin-2011-juillet-2012\/\" target=\"_blank\" rel=\"noreferrer noopener\"><em>Mes peintures ici&#8230;<\/em><\/a><br><\/p>\n\n\n\n<h2 class=\"wp-block-heading\">L&rsquo;\u00e9quipe a eu la chance d&rsquo;\u00e9changer avec&#8230;<\/h2>\n\n\n\n<h5 class=\"wp-block-heading\"><strong>Isabelle Barth\u00e8lemy<\/strong> <\/h5>\n\n\n\n<p>Pour des contributions essentielles \u00e0 l&rsquo;\u00e9laboration et la cr\u00e9ation du premier parcours.<\/p>\n\n\n\n<figure class=\"wp-block-image size-full is-resized\"><img loading=\"lazy\" decoding=\"async\" width=\"640\" height=\"640\" src=\"https:\/\/mu.coherences.com\/ecoleduregard\/wp-content\/uploads\/sites\/4\/2025\/03\/isabelle.jpeg\" alt=\"\" class=\"wp-image-670\" style=\"width:205px;height:auto\" srcset=\"http:\/\/mu.coherences.com\/ecoleduregard\/wp-content\/uploads\/sites\/4\/2025\/03\/isabelle.jpeg 640w, http:\/\/mu.coherences.com\/ecoleduregard\/wp-content\/uploads\/sites\/4\/2025\/03\/isabelle-300x300.jpeg 300w, http:\/\/mu.coherences.com\/ecoleduregard\/wp-content\/uploads\/sites\/4\/2025\/03\/isabelle-150x150.jpeg 150w\" sizes=\"auto, (max-width: 709px) 85vw, (max-width: 909px) 67vw, (max-width: 984px) 61vw, (max-width: 1362px) 45vw, 600px\" \/><\/figure>\n\n\n\n<p><em>D\u00e8s l&rsquo;enfance je pratique le th\u00e9\u00e2tre et la danse, tr\u00e8s t\u00f4t dans un milieu professionnel et d&#8217;embl\u00e9e dans un dialogue avec d&rsquo;autres champs artistiques (po\u00e9sie, arts visuels, musique \u00e9lectroacoustique&#8230;).<\/em> <em>Ce parcours se voit enrichi par des techniques de perception corporelle et d&rsquo;expression vocale, par des approches m\u00e9ditatives ou th\u00e9rapeutiques et bien s\u00fbr par l&rsquo;exp\u00e9rience de la vie.&nbsp;<\/em><\/p>\n\n\n\n<p><em>C&rsquo;est un cheminement qui s&rsquo;\u00e9labore \u00e0 la fois sur un plan personnel et dans la relation \u00e0 l&rsquo;autre : co-cr\u00e9ation, accompagnement. J&rsquo;aime y retrouver l&rsquo;exploration, l&rsquo;improvisation, la prise de conscience et \u00eatre t\u00e9moin de l&rsquo;\u00e9closion en chacun.&nbsp;<\/em><\/p>\n\n\n\n<p><\/p>\n\n\n\n<h5 class=\"wp-block-heading\"><strong>Anne Auzou<\/strong> <\/h5>\n\n\n\n<p>Pour les premi\u00e8res id\u00e9es et questionnements.<\/p>\n\n\n\n<h5 class=\"wp-block-heading\"><strong>Genevi\u00e8ve Nifle<\/strong> <\/h5>\n\n\n\n<p>Pour accompagner Muriel Ney depuis le premier \u00e9lan et toujours aujourd&rsquo;hui dans l&rsquo;\u00e9lucidation et l&rsquo;activation du sens de cette aventure.<\/p>\n","protected":false},"excerpt":{"rendered":"<p>L&rsquo;\u00e9quipe se propose de : L&rsquo;\u00e9quipe, c&rsquo;est&#8230; Quatre personnes qui co-cr\u00e9ent le parcours et animent en duo une grande partie des exp\u00e9riences. Muriel Ney Une vie de chercheuse, de la mod\u00e9lisation scientifique \u00e0 la cr\u00e9ation artistique, avec la p\u00e9dagogie et la peinture comme passions de toujours. Des formations aux processus de cr\u00e9ation et sa transmission, &hellip; <a href=\"http:\/\/mu.coherences.com\/ecoleduregard\/2026\/04\/23\/lequipe-lethique\/\" class=\"more-link\">Continuer la lecture<span class=\"screen-reader-text\"> de &laquo;&nbsp;L&rsquo;\u00e9quipe&nbsp;&raquo;<\/span><\/a><\/p>\n","protected":false},"author":1,"featured_media":0,"comment_status":"closed","ping_status":"closed","sticky":false,"template":"","format":"standard","meta":{"ngg_post_thumbnail":0,"footnotes":""},"categories":[1],"tags":[],"class_list":["post-29","post","type-post","status-publish","format-standard","hentry","category-non-classe"],"yoast_head":"<!-- This site is optimized with the Yoast SEO plugin v27.5 - https:\/\/yoast.com\/product\/yoast-seo-wordpress\/ -->\n<title>L&#039;\u00e9quipe - Bienvenu.e !<\/title>\n<meta name=\"robots\" content=\"index, follow, max-snippet:-1, max-image-preview:large, max-video-preview:-1\" \/>\n<link rel=\"canonical\" href=\"https:\/\/mu.coherences.com\/ecoleduregard\/2026\/04\/23\/lequipe-lethique\/\" \/>\n<meta property=\"og:locale\" content=\"fr_FR\" \/>\n<meta property=\"og:type\" content=\"article\" \/>\n<meta property=\"og:title\" content=\"L&#039;\u00e9quipe - Bienvenu.e !\" \/>\n<meta property=\"og:description\" content=\"L&rsquo;\u00e9quipe se propose de : L&rsquo;\u00e9quipe, c&rsquo;est&#8230; Quatre personnes qui co-cr\u00e9ent le parcours et animent en duo une grande partie des exp\u00e9riences. Muriel Ney Une vie de chercheuse, de la mod\u00e9lisation scientifique \u00e0 la cr\u00e9ation artistique, avec la p\u00e9dagogie et la peinture comme passions de toujours. Des formations aux processus de cr\u00e9ation et sa transmission, &hellip; Continuer la lecture de &laquo;&nbsp;L&rsquo;\u00e9quipe&nbsp;&raquo;\" \/>\n<meta property=\"og:url\" content=\"https:\/\/mu.coherences.com\/ecoleduregard\/2026\/04\/23\/lequipe-lethique\/\" \/>\n<meta property=\"og:site_name\" content=\"Bienvenu.e !\" \/>\n<meta property=\"article:author\" content=\"https:\/\/www.facebook.com\/profile.php?id=100010183357886\" \/>\n<meta property=\"article:published_time\" content=\"2026-04-23T14:25:56+00:00\" \/>\n<meta property=\"article:modified_time\" content=\"2026-04-28T10:28:54+00:00\" \/>\n<meta property=\"og:image\" content=\"http:\/\/mu.coherences.com\/ecoleduregard\/wp-content\/uploads\/sites\/4\/2025\/03\/MurielNey-Pieds-1.jpg\" \/>\n<meta name=\"author\" content=\"murielney\" \/>\n<meta name=\"twitter:card\" content=\"summary_large_image\" \/>\n<meta name=\"twitter:label1\" content=\"\u00c9crit par\" \/>\n\t<meta name=\"twitter:data1\" content=\"murielney\" \/>\n\t<meta name=\"twitter:label2\" content=\"Dur\u00e9e de lecture estim\u00e9e\" \/>\n\t<meta name=\"twitter:data2\" content=\"5 minutes\" \/>\n<script type=\"application\/ld+json\" class=\"yoast-schema-graph\">{\"@context\":\"https:\\\/\\\/schema.org\",\"@graph\":[{\"@type\":\"Article\",\"@id\":\"https:\\\/\\\/mu.coherences.com\\\/ecoleduregard\\\/2026\\\/04\\\/23\\\/lequipe-lethique\\\/#article\",\"isPartOf\":{\"@id\":\"https:\\\/\\\/mu.coherences.com\\\/ecoleduregard\\\/2026\\\/04\\\/23\\\/lequipe-lethique\\\/\"},\"author\":{\"name\":\"murielney\",\"@id\":\"https:\\\/\\\/mu.coherences.com\\\/ecoleduregard\\\/#\\\/schema\\\/person\\\/9636eaa9b551acc278e109fd10ab5951\"},\"headline\":\"L&rsquo;\u00e9quipe\",\"datePublished\":\"2026-04-23T14:25:56+00:00\",\"dateModified\":\"2026-04-28T10:28:54+00:00\",\"mainEntityOfPage\":{\"@id\":\"https:\\\/\\\/mu.coherences.com\\\/ecoleduregard\\\/2026\\\/04\\\/23\\\/lequipe-lethique\\\/\"},\"wordCount\":738,\"image\":{\"@id\":\"https:\\\/\\\/mu.coherences.com\\\/ecoleduregard\\\/2026\\\/04\\\/23\\\/lequipe-lethique\\\/#primaryimage\"},\"thumbnailUrl\":\"http:\\\/\\\/mu.coherences.com\\\/ecoleduregard\\\/wp-content\\\/uploads\\\/sites\\\/4\\\/2025\\\/03\\\/MurielNey-Pieds-1.jpg\",\"inLanguage\":\"fr-FR\"},{\"@type\":\"WebPage\",\"@id\":\"https:\\\/\\\/mu.coherences.com\\\/ecoleduregard\\\/2026\\\/04\\\/23\\\/lequipe-lethique\\\/\",\"url\":\"https:\\\/\\\/mu.coherences.com\\\/ecoleduregard\\\/2026\\\/04\\\/23\\\/lequipe-lethique\\\/\",\"name\":\"L'\u00e9quipe - Bienvenu.e !\",\"isPartOf\":{\"@id\":\"https:\\\/\\\/mu.coherences.com\\\/ecoleduregard\\\/#website\"},\"primaryImageOfPage\":{\"@id\":\"https:\\\/\\\/mu.coherences.com\\\/ecoleduregard\\\/2026\\\/04\\\/23\\\/lequipe-lethique\\\/#primaryimage\"},\"image\":{\"@id\":\"https:\\\/\\\/mu.coherences.com\\\/ecoleduregard\\\/2026\\\/04\\\/23\\\/lequipe-lethique\\\/#primaryimage\"},\"thumbnailUrl\":\"http:\\\/\\\/mu.coherences.com\\\/ecoleduregard\\\/wp-content\\\/uploads\\\/sites\\\/4\\\/2025\\\/03\\\/MurielNey-Pieds-1.jpg\",\"datePublished\":\"2026-04-23T14:25:56+00:00\",\"dateModified\":\"2026-04-28T10:28:54+00:00\",\"author\":{\"@id\":\"https:\\\/\\\/mu.coherences.com\\\/ecoleduregard\\\/#\\\/schema\\\/person\\\/9636eaa9b551acc278e109fd10ab5951\"},\"breadcrumb\":{\"@id\":\"https:\\\/\\\/mu.coherences.com\\\/ecoleduregard\\\/2026\\\/04\\\/23\\\/lequipe-lethique\\\/#breadcrumb\"},\"inLanguage\":\"fr-FR\",\"potentialAction\":[{\"@type\":\"ReadAction\",\"target\":[\"https:\\\/\\\/mu.coherences.com\\\/ecoleduregard\\\/2026\\\/04\\\/23\\\/lequipe-lethique\\\/\"]}]},{\"@type\":\"ImageObject\",\"inLanguage\":\"fr-FR\",\"@id\":\"https:\\\/\\\/mu.coherences.com\\\/ecoleduregard\\\/2026\\\/04\\\/23\\\/lequipe-lethique\\\/#primaryimage\",\"url\":\"http:\\\/\\\/mu.coherences.com\\\/ecoleduregard\\\/wp-content\\\/uploads\\\/sites\\\/4\\\/2025\\\/03\\\/MurielNey-Pieds-1.jpg\",\"contentUrl\":\"http:\\\/\\\/mu.coherences.com\\\/ecoleduregard\\\/wp-content\\\/uploads\\\/sites\\\/4\\\/2025\\\/03\\\/MurielNey-Pieds-1.jpg\",\"width\":472,\"height\":476},{\"@type\":\"BreadcrumbList\",\"@id\":\"https:\\\/\\\/mu.coherences.com\\\/ecoleduregard\\\/2026\\\/04\\\/23\\\/lequipe-lethique\\\/#breadcrumb\",\"itemListElement\":[{\"@type\":\"ListItem\",\"position\":1,\"name\":\"Accueil\",\"item\":\"https:\\\/\\\/mu.coherences.com\\\/ecoleduregard\\\/\"},{\"@type\":\"ListItem\",\"position\":2,\"name\":\"L&rsquo;\u00e9quipe\"}]},{\"@type\":\"WebSite\",\"@id\":\"https:\\\/\\\/mu.coherences.com\\\/ecoleduregard\\\/#website\",\"url\":\"https:\\\/\\\/mu.coherences.com\\\/ecoleduregard\\\/\",\"name\":\"Bienvenu.e !\",\"description\":\"\",\"potentialAction\":[{\"@type\":\"SearchAction\",\"target\":{\"@type\":\"EntryPoint\",\"urlTemplate\":\"https:\\\/\\\/mu.coherences.com\\\/ecoleduregard\\\/?s={search_term_string}\"},\"query-input\":{\"@type\":\"PropertyValueSpecification\",\"valueRequired\":true,\"valueName\":\"search_term_string\"}}],\"inLanguage\":\"fr-FR\"},{\"@type\":\"Person\",\"@id\":\"https:\\\/\\\/mu.coherences.com\\\/ecoleduregard\\\/#\\\/schema\\\/person\\\/9636eaa9b551acc278e109fd10ab5951\",\"name\":\"murielney\",\"image\":{\"@type\":\"ImageObject\",\"inLanguage\":\"fr-FR\",\"@id\":\"https:\\\/\\\/secure.gravatar.com\\\/avatar\\\/1910856c237207117fb00198fda507fa8697eac0a566b2b7103375f15480cfaa?s=96&d=mm&r=g\",\"url\":\"https:\\\/\\\/secure.gravatar.com\\\/avatar\\\/1910856c237207117fb00198fda507fa8697eac0a566b2b7103375f15480cfaa?s=96&d=mm&r=g\",\"contentUrl\":\"https:\\\/\\\/secure.gravatar.com\\\/avatar\\\/1910856c237207117fb00198fda507fa8697eac0a566b2b7103375f15480cfaa?s=96&d=mm&r=g\",\"caption\":\"murielney\"},\"description\":\"Muriel Ney artiste peintre, anime des stages de cr\u00e9ativit\u00e9 et peinture, et a fond\u00e9 une \u00e9cole du regard\",\"sameAs\":[\"https:\\\/\\\/www.facebook.com\\\/profile.php?id=100010183357886\",\"@etilesum3237\"],\"url\":\"http:\\\/\\\/mu.coherences.com\\\/ecoleduregard\\\/author\\\/murielney\\\/\"}]}<\/script>\n<!-- \/ Yoast SEO plugin. -->","yoast_head_json":{"title":"L'\u00e9quipe - Bienvenu.e !","robots":{"index":"index","follow":"follow","max-snippet":"max-snippet:-1","max-image-preview":"max-image-preview:large","max-video-preview":"max-video-preview:-1"},"canonical":"https:\/\/mu.coherences.com\/ecoleduregard\/2026\/04\/23\/lequipe-lethique\/","og_locale":"fr_FR","og_type":"article","og_title":"L'\u00e9quipe - Bienvenu.e !","og_description":"L&rsquo;\u00e9quipe se propose de : L&rsquo;\u00e9quipe, c&rsquo;est&#8230; Quatre personnes qui co-cr\u00e9ent le parcours et animent en duo une grande partie des exp\u00e9riences. Muriel Ney Une vie de chercheuse, de la mod\u00e9lisation scientifique \u00e0 la cr\u00e9ation artistique, avec la p\u00e9dagogie et la peinture comme passions de toujours. Des formations aux processus de cr\u00e9ation et sa transmission, &hellip; Continuer la lecture de &laquo;&nbsp;L&rsquo;\u00e9quipe&nbsp;&raquo;","og_url":"https:\/\/mu.coherences.com\/ecoleduregard\/2026\/04\/23\/lequipe-lethique\/","og_site_name":"Bienvenu.e !","article_author":"https:\/\/www.facebook.com\/profile.php?id=100010183357886","article_published_time":"2026-04-23T14:25:56+00:00","article_modified_time":"2026-04-28T10:28:54+00:00","og_image":[{"url":"http:\/\/mu.coherences.com\/ecoleduregard\/wp-content\/uploads\/sites\/4\/2025\/03\/MurielNey-Pieds-1.jpg","type":"","width":"","height":""}],"author":"murielney","twitter_card":"summary_large_image","twitter_misc":{"\u00c9crit par":"murielney","Dur\u00e9e de lecture estim\u00e9e":"5 minutes"},"schema":{"@context":"https:\/\/schema.org","@graph":[{"@type":"Article","@id":"https:\/\/mu.coherences.com\/ecoleduregard\/2026\/04\/23\/lequipe-lethique\/#article","isPartOf":{"@id":"https:\/\/mu.coherences.com\/ecoleduregard\/2026\/04\/23\/lequipe-lethique\/"},"author":{"name":"murielney","@id":"https:\/\/mu.coherences.com\/ecoleduregard\/#\/schema\/person\/9636eaa9b551acc278e109fd10ab5951"},"headline":"L&rsquo;\u00e9quipe","datePublished":"2026-04-23T14:25:56+00:00","dateModified":"2026-04-28T10:28:54+00:00","mainEntityOfPage":{"@id":"https:\/\/mu.coherences.com\/ecoleduregard\/2026\/04\/23\/lequipe-lethique\/"},"wordCount":738,"image":{"@id":"https:\/\/mu.coherences.com\/ecoleduregard\/2026\/04\/23\/lequipe-lethique\/#primaryimage"},"thumbnailUrl":"http:\/\/mu.coherences.com\/ecoleduregard\/wp-content\/uploads\/sites\/4\/2025\/03\/MurielNey-Pieds-1.jpg","inLanguage":"fr-FR"},{"@type":"WebPage","@id":"https:\/\/mu.coherences.com\/ecoleduregard\/2026\/04\/23\/lequipe-lethique\/","url":"https:\/\/mu.coherences.com\/ecoleduregard\/2026\/04\/23\/lequipe-lethique\/","name":"L'\u00e9quipe - Bienvenu.e !","isPartOf":{"@id":"https:\/\/mu.coherences.com\/ecoleduregard\/#website"},"primaryImageOfPage":{"@id":"https:\/\/mu.coherences.com\/ecoleduregard\/2026\/04\/23\/lequipe-lethique\/#primaryimage"},"image":{"@id":"https:\/\/mu.coherences.com\/ecoleduregard\/2026\/04\/23\/lequipe-lethique\/#primaryimage"},"thumbnailUrl":"http:\/\/mu.coherences.com\/ecoleduregard\/wp-content\/uploads\/sites\/4\/2025\/03\/MurielNey-Pieds-1.jpg","datePublished":"2026-04-23T14:25:56+00:00","dateModified":"2026-04-28T10:28:54+00:00","author":{"@id":"https:\/\/mu.coherences.com\/ecoleduregard\/#\/schema\/person\/9636eaa9b551acc278e109fd10ab5951"},"breadcrumb":{"@id":"https:\/\/mu.coherences.com\/ecoleduregard\/2026\/04\/23\/lequipe-lethique\/#breadcrumb"},"inLanguage":"fr-FR","potentialAction":[{"@type":"ReadAction","target":["https:\/\/mu.coherences.com\/ecoleduregard\/2026\/04\/23\/lequipe-lethique\/"]}]},{"@type":"ImageObject","inLanguage":"fr-FR","@id":"https:\/\/mu.coherences.com\/ecoleduregard\/2026\/04\/23\/lequipe-lethique\/#primaryimage","url":"http:\/\/mu.coherences.com\/ecoleduregard\/wp-content\/uploads\/sites\/4\/2025\/03\/MurielNey-Pieds-1.jpg","contentUrl":"http:\/\/mu.coherences.com\/ecoleduregard\/wp-content\/uploads\/sites\/4\/2025\/03\/MurielNey-Pieds-1.jpg","width":472,"height":476},{"@type":"BreadcrumbList","@id":"https:\/\/mu.coherences.com\/ecoleduregard\/2026\/04\/23\/lequipe-lethique\/#breadcrumb","itemListElement":[{"@type":"ListItem","position":1,"name":"Accueil","item":"https:\/\/mu.coherences.com\/ecoleduregard\/"},{"@type":"ListItem","position":2,"name":"L&rsquo;\u00e9quipe"}]},{"@type":"WebSite","@id":"https:\/\/mu.coherences.com\/ecoleduregard\/#website","url":"https:\/\/mu.coherences.com\/ecoleduregard\/","name":"Bienvenu.e !","description":"","potentialAction":[{"@type":"SearchAction","target":{"@type":"EntryPoint","urlTemplate":"https:\/\/mu.coherences.com\/ecoleduregard\/?s={search_term_string}"},"query-input":{"@type":"PropertyValueSpecification","valueRequired":true,"valueName":"search_term_string"}}],"inLanguage":"fr-FR"},{"@type":"Person","@id":"https:\/\/mu.coherences.com\/ecoleduregard\/#\/schema\/person\/9636eaa9b551acc278e109fd10ab5951","name":"murielney","image":{"@type":"ImageObject","inLanguage":"fr-FR","@id":"https:\/\/secure.gravatar.com\/avatar\/1910856c237207117fb00198fda507fa8697eac0a566b2b7103375f15480cfaa?s=96&d=mm&r=g","url":"https:\/\/secure.gravatar.com\/avatar\/1910856c237207117fb00198fda507fa8697eac0a566b2b7103375f15480cfaa?s=96&d=mm&r=g","contentUrl":"https:\/\/secure.gravatar.com\/avatar\/1910856c237207117fb00198fda507fa8697eac0a566b2b7103375f15480cfaa?s=96&d=mm&r=g","caption":"murielney"},"description":"Muriel Ney artiste peintre, anime des stages de cr\u00e9ativit\u00e9 et peinture, et a fond\u00e9 une \u00e9cole du regard","sameAs":["https:\/\/www.facebook.com\/profile.php?id=100010183357886","@etilesum3237"],"url":"http:\/\/mu.coherences.com\/ecoleduregard\/author\/murielney\/"}]}},"_links":{"self":[{"href":"http:\/\/mu.coherences.com\/ecoleduregard\/wp-json\/wp\/v2\/posts\/29","targetHints":{"allow":["GET"]}}],"collection":[{"href":"http:\/\/mu.coherences.com\/ecoleduregard\/wp-json\/wp\/v2\/posts"}],"about":[{"href":"http:\/\/mu.coherences.com\/ecoleduregard\/wp-json\/wp\/v2\/types\/post"}],"author":[{"embeddable":true,"href":"http:\/\/mu.coherences.com\/ecoleduregard\/wp-json\/wp\/v2\/users\/1"}],"replies":[{"embeddable":true,"href":"http:\/\/mu.coherences.com\/ecoleduregard\/wp-json\/wp\/v2\/comments?post=29"}],"version-history":[{"count":77,"href":"http:\/\/mu.coherences.com\/ecoleduregard\/wp-json\/wp\/v2\/posts\/29\/revisions"}],"predecessor-version":[{"id":738,"href":"http:\/\/mu.coherences.com\/ecoleduregard\/wp-json\/wp\/v2\/posts\/29\/revisions\/738"}],"wp:attachment":[{"href":"http:\/\/mu.coherences.com\/ecoleduregard\/wp-json\/wp\/v2\/media?parent=29"}],"wp:term":[{"taxonomy":"category","embeddable":true,"href":"http:\/\/mu.coherences.com\/ecoleduregard\/wp-json\/wp\/v2\/categories?post=29"},{"taxonomy":"post_tag","embeddable":true,"href":"http:\/\/mu.coherences.com\/ecoleduregard\/wp-json\/wp\/v2\/tags?post=29"}],"curies":[{"name":"wp","href":"https:\/\/api.w.org\/{rel}","templated":true}]}}