{"id":27,"date":"2026-04-24T16:30:40","date_gmt":"2026-04-24T14:30:40","guid":{"rendered":"https:\/\/mu.coherences.com\/ecoleduregard\/?p=27"},"modified":"2026-04-28T12:32:59","modified_gmt":"2026-04-28T10:32:59","slug":"le-contenu-les-dates-les-tarifs","status":"publish","type":"post","link":"http:\/\/mu.coherences.com\/ecoleduregard\/2026\/04\/24\/le-contenu-les-dates-les-tarifs\/","title":{"rendered":"Organisation, co\u00fbts"},"content":{"rendered":"\n<figure class=\"wp-block-image size-full is-resized\"><img loading=\"lazy\" decoding=\"async\" width=\"472\" height=\"364\" src=\"http:\/\/mu.coherences.com\/ecoleduregard\/wp-content\/uploads\/sites\/4\/2025\/03\/cheval-1.jpg\" alt=\"\" class=\"wp-image-494\" style=\"width:484px;height:auto\" srcset=\"http:\/\/mu.coherences.com\/ecoleduregard\/wp-content\/uploads\/sites\/4\/2025\/03\/cheval-1.jpg 472w, http:\/\/mu.coherences.com\/ecoleduregard\/wp-content\/uploads\/sites\/4\/2025\/03\/cheval-1-300x231.jpg 300w\" sizes=\"auto, (max-width: 472px) 85vw, 472px\" \/><\/figure>\n\n\n\n<p><\/p>\n\n\n\n<p><strong>Un parcours de 5 rencontres sur dix mois d\u00e9marre en f\u00e9vrier 2027, avec un groupe de 8 personnes au maximum<\/strong><\/p>\n\n\n\n<p><strong>Les d\u00e9tails du prochain parcours paraitront ici en ao\u00fbt 2026<\/strong>, faites-nous signe si vous voulez \u00eatre pr\u00e9venu (etilesum sur gmail.com)<\/p>\n\n\n\n<h3 class=\"wp-block-heading\"><strong>Organisation du parcours pour 2025\/2026<\/strong><\/h3>\n\n\n\n<p>15 jours sur place r\u00e9partis sur 5 rencontres (espac\u00e9es de 2 mois)<\/p>\n\n\n\n<p>2 entretiens individuels par t\u00e9l\u00e9phone (voir les atouts), avec Fr\u00e9d\u00e9rique Martinet<\/p>\n\n\n\n<p>et des exp\u00e9riences en option \u00e0 faire entre les rencontres.<\/p>\n\n\n\n<p>A chaque rencontre nous allons proposer un processus de cr\u00e9ation; cependant, nous mettrons le focus sur l\u2019un ou l\u2019autre de ces points&nbsp;:<\/p>\n\n\n\n<ul class=\"wp-block-list\">\n<li>reconnaitre mon regard singulier, recevoir l&rsquo;inspiration<\/li>\n\n\n\n<li>int\u00e9rioriser mon regard, les passages entre ce que je vois et ce que je ressens<\/li>\n\n\n\n<li>ext\u00e9rioriser mon regard, une expression d&rsquo;artiste<\/li>\n\n\n\n<li>remettre du mouvement l\u00e0 o\u00f9 \u00e7a bloque, renouveler mon regard<\/li>\n\n\n\n<li>mettre en valeur mes cr\u00e9ations, accueillir le regard des autres, ouvrir des possibles&#8230;<\/li>\n<\/ul>\n\n\n\n<h3 class=\"wp-block-heading\"><strong>Dates<\/strong> 2025\/2026<\/h3>\n\n\n\n<p>3 jours : du vendredi 31 octobre \u00e0 10h30 au dimanche 2 novembre \u00e0 16h30<\/p>\n\n\n\n<p>2 jours : du vendredi 9 janvier 18h30 au dimanche 11 \u00e0 16h30<\/p>\n\n\n\n<p>2 jours : du vendredi 6 mars 18h30 au dimanche 8 \u00e0 16h30<\/p>\n\n\n\n<p>3 jours : du vendredi 8 mai \u00e0 10h30 au dimanche 10 \u00e0 16h30<\/p>\n\n\n\n<p>5 jours : du mercredi 8 juillet \u00e0 10h30 au dimanche 12 \u00e0 16h30<\/p>\n\n\n\n<h3 class=\"wp-block-heading\"><strong>Co\u00fbts<\/strong>  2025\/2026<\/h3>\n\n\n\n<p>Enseignement (mat\u00e9riel inclus) : 1700 euros, 400 euros en arrhes et les 1300 euros restant \u00e0 r\u00e9gler lors de la premi\u00e8re rencontre (possibilit\u00e9 de payer en plusieurs ch\u00e8ques encaiss\u00e9s selon votre demande)<\/p>\n\n\n\n<p>H\u00e9bergement : une nuit avec petit-d\u00e9jeuner 25 euros avec vos draps (suppl\u00e9ment 15 euros, le lit est fait). Il y a 12 nuits au total.<\/p>\n\n\n\n<figure class=\"wp-block-image size-full is-resized\"><img loading=\"lazy\" decoding=\"async\" width=\"811\" height=\"559\" src=\"https:\/\/mu.coherences.com\/ecoleduregard\/wp-content\/uploads\/sites\/4\/2025\/03\/bloc-photos-3.jpg\" alt=\"\" class=\"wp-image-684\" style=\"width:598px;height:auto\" srcset=\"http:\/\/mu.coherences.com\/ecoleduregard\/wp-content\/uploads\/sites\/4\/2025\/03\/bloc-photos-3.jpg 811w, http:\/\/mu.coherences.com\/ecoleduregard\/wp-content\/uploads\/sites\/4\/2025\/03\/bloc-photos-3-300x207.jpg 300w, http:\/\/mu.coherences.com\/ecoleduregard\/wp-content\/uploads\/sites\/4\/2025\/03\/bloc-photos-3-768x529.jpg 768w\" sizes=\"auto, (max-width: 709px) 85vw, (max-width: 909px) 67vw, (max-width: 984px) 61vw, (max-width: 1362px) 45vw, 600px\" \/><\/figure>\n\n\n\n<p>Repas : 26 euros par jour (d\u00e9jeuner et diner). Comptez 12 journ\u00e9es-repas. Le premier est toujours un repas partag\u00e9.<\/p>\n\n\n\n<figure class=\"wp-block-image size-full is-resized\"><img loading=\"lazy\" decoding=\"async\" width=\"591\" height=\"381\" src=\"https:\/\/mu.coherences.com\/ecoleduregard\/wp-content\/uploads\/sites\/4\/2025\/03\/LacocotteinfoodLogo-1.jpg\" alt=\"\" class=\"wp-image-600\" style=\"width:581px;height:auto\" srcset=\"http:\/\/mu.coherences.com\/ecoleduregard\/wp-content\/uploads\/sites\/4\/2025\/03\/LacocotteinfoodLogo-1.jpg 591w, http:\/\/mu.coherences.com\/ecoleduregard\/wp-content\/uploads\/sites\/4\/2025\/03\/LacocotteinfoodLogo-1-300x193.jpg 300w\" sizes=\"auto, (max-width: 591px) 85vw, 591px\" \/><figcaption class=\"wp-element-caption\">Cuisine cr\u00e9ative et saine de Caroline Sellier <a href=\"https:\/\/www.instagram.com\/lacocotteinfood\/\" target=\"_blank\" rel=\"noreferrer noopener\">La Cocotte in food <\/a><\/figcaption><\/figure>\n\n\n\n<p>Un virement de 400 euros d\u2019engagement \u00e0 l\u2019inscription (\u00e0 r\u00e9gler avant la premi\u00e8re rencontre, \u00e9ventuellement en plusieurs fois) sur le compte de l&rsquo;<a data-type=\"link\" data-id=\"etilesum.fr\" href=\"http:\/\/etilesum.fr\" target=\"_blank\" rel=\"noreferrer noopener\">Association Etilesum<\/a>.<\/p>\n","protected":false},"excerpt":{"rendered":"<p>Un parcours de 5 rencontres sur dix mois d\u00e9marre en f\u00e9vrier 2027, avec un groupe de 8 personnes au maximum Les d\u00e9tails du prochain parcours paraitront ici en ao\u00fbt 2026, faites-nous signe si vous voulez \u00eatre pr\u00e9venu (etilesum sur gmail.com) Organisation du parcours pour 2025\/2026 15 jours sur place r\u00e9partis sur 5 rencontres (espac\u00e9es de &hellip; <a href=\"http:\/\/mu.coherences.com\/ecoleduregard\/2026\/04\/24\/le-contenu-les-dates-les-tarifs\/\" class=\"more-link\">Continuer la lecture<span class=\"screen-reader-text\"> de &laquo;&nbsp;Organisation, co\u00fbts&nbsp;&raquo;<\/span><\/a><\/p>\n","protected":false},"author":1,"featured_media":0,"comment_status":"closed","ping_status":"closed","sticky":false,"template":"","format":"standard","meta":{"ngg_post_thumbnail":0,"footnotes":""},"categories":[1],"tags":[],"class_list":["post-27","post","type-post","status-publish","format-standard","hentry","category-non-classe"],"yoast_head":"<!-- This site is optimized with the Yoast SEO plugin v27.5 - https:\/\/yoast.com\/product\/yoast-seo-wordpress\/ -->\n<title>Organisation, co\u00fbts - Bienvenu.e !<\/title>\n<meta name=\"robots\" content=\"index, follow, max-snippet:-1, max-image-preview:large, max-video-preview:-1\" \/>\n<link rel=\"canonical\" href=\"https:\/\/mu.coherences.com\/ecoleduregard\/2026\/04\/24\/le-contenu-les-dates-les-tarifs\/\" \/>\n<meta property=\"og:locale\" content=\"fr_FR\" \/>\n<meta property=\"og:type\" content=\"article\" \/>\n<meta property=\"og:title\" content=\"Organisation, co\u00fbts - Bienvenu.e !\" \/>\n<meta property=\"og:description\" content=\"Un parcours de 5 rencontres sur dix mois d\u00e9marre en f\u00e9vrier 2027, avec un groupe de 8 personnes au maximum Les d\u00e9tails du prochain parcours paraitront ici en ao\u00fbt 2026, faites-nous signe si vous voulez \u00eatre pr\u00e9venu (etilesum sur gmail.com) Organisation du parcours pour 2025\/2026 15 jours sur place r\u00e9partis sur 5 rencontres (espac\u00e9es de &hellip; Continuer la lecture de &laquo;&nbsp;Organisation, co\u00fbts&nbsp;&raquo;\" \/>\n<meta property=\"og:url\" content=\"https:\/\/mu.coherences.com\/ecoleduregard\/2026\/04\/24\/le-contenu-les-dates-les-tarifs\/\" \/>\n<meta property=\"og:site_name\" content=\"Bienvenu.e !\" \/>\n<meta property=\"article:author\" content=\"https:\/\/www.facebook.com\/profile.php?id=100010183357886\" \/>\n<meta property=\"article:published_time\" content=\"2026-04-24T14:30:40+00:00\" \/>\n<meta property=\"article:modified_time\" content=\"2026-04-28T10:32:59+00:00\" \/>\n<meta property=\"og:image\" content=\"http:\/\/mu.coherences.com\/ecoleduregard\/wp-content\/uploads\/sites\/4\/2025\/03\/cheval-1.jpg\" \/>\n<meta name=\"author\" content=\"murielney\" \/>\n<meta name=\"twitter:card\" content=\"summary_large_image\" \/>\n<meta name=\"twitter:label1\" content=\"\u00c9crit par\" \/>\n\t<meta name=\"twitter:data1\" content=\"murielney\" \/>\n\t<meta name=\"twitter:label2\" content=\"Dur\u00e9e de lecture estim\u00e9e\" \/>\n\t<meta name=\"twitter:data2\" content=\"3 minutes\" \/>\n<script type=\"application\/ld+json\" class=\"yoast-schema-graph\">{\"@context\":\"https:\\\/\\\/schema.org\",\"@graph\":[{\"@type\":\"Article\",\"@id\":\"https:\\\/\\\/mu.coherences.com\\\/ecoleduregard\\\/2026\\\/04\\\/24\\\/le-contenu-les-dates-les-tarifs\\\/#article\",\"isPartOf\":{\"@id\":\"https:\\\/\\\/mu.coherences.com\\\/ecoleduregard\\\/2026\\\/04\\\/24\\\/le-contenu-les-dates-les-tarifs\\\/\"},\"author\":{\"name\":\"murielney\",\"@id\":\"https:\\\/\\\/mu.coherences.com\\\/ecoleduregard\\\/#\\\/schema\\\/person\\\/9636eaa9b551acc278e109fd10ab5951\"},\"headline\":\"Organisation, co\u00fbts\",\"datePublished\":\"2026-04-24T14:30:40+00:00\",\"dateModified\":\"2026-04-28T10:32:59+00:00\",\"mainEntityOfPage\":{\"@id\":\"https:\\\/\\\/mu.coherences.com\\\/ecoleduregard\\\/2026\\\/04\\\/24\\\/le-contenu-les-dates-les-tarifs\\\/\"},\"wordCount\":318,\"image\":{\"@id\":\"https:\\\/\\\/mu.coherences.com\\\/ecoleduregard\\\/2026\\\/04\\\/24\\\/le-contenu-les-dates-les-tarifs\\\/#primaryimage\"},\"thumbnailUrl\":\"http:\\\/\\\/mu.coherences.com\\\/ecoleduregard\\\/wp-content\\\/uploads\\\/sites\\\/4\\\/2025\\\/03\\\/cheval-1.jpg\",\"inLanguage\":\"fr-FR\"},{\"@type\":\"WebPage\",\"@id\":\"https:\\\/\\\/mu.coherences.com\\\/ecoleduregard\\\/2026\\\/04\\\/24\\\/le-contenu-les-dates-les-tarifs\\\/\",\"url\":\"https:\\\/\\\/mu.coherences.com\\\/ecoleduregard\\\/2026\\\/04\\\/24\\\/le-contenu-les-dates-les-tarifs\\\/\",\"name\":\"Organisation, co\u00fbts - Bienvenu.e !\",\"isPartOf\":{\"@id\":\"https:\\\/\\\/mu.coherences.com\\\/ecoleduregard\\\/#website\"},\"primaryImageOfPage\":{\"@id\":\"https:\\\/\\\/mu.coherences.com\\\/ecoleduregard\\\/2026\\\/04\\\/24\\\/le-contenu-les-dates-les-tarifs\\\/#primaryimage\"},\"image\":{\"@id\":\"https:\\\/\\\/mu.coherences.com\\\/ecoleduregard\\\/2026\\\/04\\\/24\\\/le-contenu-les-dates-les-tarifs\\\/#primaryimage\"},\"thumbnailUrl\":\"http:\\\/\\\/mu.coherences.com\\\/ecoleduregard\\\/wp-content\\\/uploads\\\/sites\\\/4\\\/2025\\\/03\\\/cheval-1.jpg\",\"datePublished\":\"2026-04-24T14:30:40+00:00\",\"dateModified\":\"2026-04-28T10:32:59+00:00\",\"author\":{\"@id\":\"https:\\\/\\\/mu.coherences.com\\\/ecoleduregard\\\/#\\\/schema\\\/person\\\/9636eaa9b551acc278e109fd10ab5951\"},\"breadcrumb\":{\"@id\":\"https:\\\/\\\/mu.coherences.com\\\/ecoleduregard\\\/2026\\\/04\\\/24\\\/le-contenu-les-dates-les-tarifs\\\/#breadcrumb\"},\"inLanguage\":\"fr-FR\",\"potentialAction\":[{\"@type\":\"ReadAction\",\"target\":[\"https:\\\/\\\/mu.coherences.com\\\/ecoleduregard\\\/2026\\\/04\\\/24\\\/le-contenu-les-dates-les-tarifs\\\/\"]}]},{\"@type\":\"ImageObject\",\"inLanguage\":\"fr-FR\",\"@id\":\"https:\\\/\\\/mu.coherences.com\\\/ecoleduregard\\\/2026\\\/04\\\/24\\\/le-contenu-les-dates-les-tarifs\\\/#primaryimage\",\"url\":\"http:\\\/\\\/mu.coherences.com\\\/ecoleduregard\\\/wp-content\\\/uploads\\\/sites\\\/4\\\/2025\\\/03\\\/cheval-1.jpg\",\"contentUrl\":\"http:\\\/\\\/mu.coherences.com\\\/ecoleduregard\\\/wp-content\\\/uploads\\\/sites\\\/4\\\/2025\\\/03\\\/cheval-1.jpg\",\"width\":472,\"height\":364},{\"@type\":\"BreadcrumbList\",\"@id\":\"https:\\\/\\\/mu.coherences.com\\\/ecoleduregard\\\/2026\\\/04\\\/24\\\/le-contenu-les-dates-les-tarifs\\\/#breadcrumb\",\"itemListElement\":[{\"@type\":\"ListItem\",\"position\":1,\"name\":\"Accueil\",\"item\":\"https:\\\/\\\/mu.coherences.com\\\/ecoleduregard\\\/\"},{\"@type\":\"ListItem\",\"position\":2,\"name\":\"Organisation, co\u00fbts\"}]},{\"@type\":\"WebSite\",\"@id\":\"https:\\\/\\\/mu.coherences.com\\\/ecoleduregard\\\/#website\",\"url\":\"https:\\\/\\\/mu.coherences.com\\\/ecoleduregard\\\/\",\"name\":\"Bienvenu.e !\",\"description\":\"\",\"potentialAction\":[{\"@type\":\"SearchAction\",\"target\":{\"@type\":\"EntryPoint\",\"urlTemplate\":\"https:\\\/\\\/mu.coherences.com\\\/ecoleduregard\\\/?s={search_term_string}\"},\"query-input\":{\"@type\":\"PropertyValueSpecification\",\"valueRequired\":true,\"valueName\":\"search_term_string\"}}],\"inLanguage\":\"fr-FR\"},{\"@type\":\"Person\",\"@id\":\"https:\\\/\\\/mu.coherences.com\\\/ecoleduregard\\\/#\\\/schema\\\/person\\\/9636eaa9b551acc278e109fd10ab5951\",\"name\":\"murielney\",\"image\":{\"@type\":\"ImageObject\",\"inLanguage\":\"fr-FR\",\"@id\":\"https:\\\/\\\/secure.gravatar.com\\\/avatar\\\/1910856c237207117fb00198fda507fa8697eac0a566b2b7103375f15480cfaa?s=96&d=mm&r=g\",\"url\":\"https:\\\/\\\/secure.gravatar.com\\\/avatar\\\/1910856c237207117fb00198fda507fa8697eac0a566b2b7103375f15480cfaa?s=96&d=mm&r=g\",\"contentUrl\":\"https:\\\/\\\/secure.gravatar.com\\\/avatar\\\/1910856c237207117fb00198fda507fa8697eac0a566b2b7103375f15480cfaa?s=96&d=mm&r=g\",\"caption\":\"murielney\"},\"description\":\"Muriel Ney artiste peintre, anime des stages de cr\u00e9ativit\u00e9 et peinture, et a fond\u00e9 une \u00e9cole du regard\",\"sameAs\":[\"https:\\\/\\\/www.facebook.com\\\/profile.php?id=100010183357886\",\"@etilesum3237\"],\"url\":\"http:\\\/\\\/mu.coherences.com\\\/ecoleduregard\\\/author\\\/murielney\\\/\"}]}<\/script>\n<!-- \/ Yoast SEO plugin. -->","yoast_head_json":{"title":"Organisation, co\u00fbts - Bienvenu.e !","robots":{"index":"index","follow":"follow","max-snippet":"max-snippet:-1","max-image-preview":"max-image-preview:large","max-video-preview":"max-video-preview:-1"},"canonical":"https:\/\/mu.coherences.com\/ecoleduregard\/2026\/04\/24\/le-contenu-les-dates-les-tarifs\/","og_locale":"fr_FR","og_type":"article","og_title":"Organisation, co\u00fbts - Bienvenu.e !","og_description":"Un parcours de 5 rencontres sur dix mois d\u00e9marre en f\u00e9vrier 2027, avec un groupe de 8 personnes au maximum Les d\u00e9tails du prochain parcours paraitront ici en ao\u00fbt 2026, faites-nous signe si vous voulez \u00eatre pr\u00e9venu (etilesum sur gmail.com) Organisation du parcours pour 2025\/2026 15 jours sur place r\u00e9partis sur 5 rencontres (espac\u00e9es de &hellip; Continuer la lecture de &laquo;&nbsp;Organisation, co\u00fbts&nbsp;&raquo;","og_url":"https:\/\/mu.coherences.com\/ecoleduregard\/2026\/04\/24\/le-contenu-les-dates-les-tarifs\/","og_site_name":"Bienvenu.e !","article_author":"https:\/\/www.facebook.com\/profile.php?id=100010183357886","article_published_time":"2026-04-24T14:30:40+00:00","article_modified_time":"2026-04-28T10:32:59+00:00","og_image":[{"url":"http:\/\/mu.coherences.com\/ecoleduregard\/wp-content\/uploads\/sites\/4\/2025\/03\/cheval-1.jpg","type":"","width":"","height":""}],"author":"murielney","twitter_card":"summary_large_image","twitter_misc":{"\u00c9crit par":"murielney","Dur\u00e9e de lecture estim\u00e9e":"3 minutes"},"schema":{"@context":"https:\/\/schema.org","@graph":[{"@type":"Article","@id":"https:\/\/mu.coherences.com\/ecoleduregard\/2026\/04\/24\/le-contenu-les-dates-les-tarifs\/#article","isPartOf":{"@id":"https:\/\/mu.coherences.com\/ecoleduregard\/2026\/04\/24\/le-contenu-les-dates-les-tarifs\/"},"author":{"name":"murielney","@id":"https:\/\/mu.coherences.com\/ecoleduregard\/#\/schema\/person\/9636eaa9b551acc278e109fd10ab5951"},"headline":"Organisation, co\u00fbts","datePublished":"2026-04-24T14:30:40+00:00","dateModified":"2026-04-28T10:32:59+00:00","mainEntityOfPage":{"@id":"https:\/\/mu.coherences.com\/ecoleduregard\/2026\/04\/24\/le-contenu-les-dates-les-tarifs\/"},"wordCount":318,"image":{"@id":"https:\/\/mu.coherences.com\/ecoleduregard\/2026\/04\/24\/le-contenu-les-dates-les-tarifs\/#primaryimage"},"thumbnailUrl":"http:\/\/mu.coherences.com\/ecoleduregard\/wp-content\/uploads\/sites\/4\/2025\/03\/cheval-1.jpg","inLanguage":"fr-FR"},{"@type":"WebPage","@id":"https:\/\/mu.coherences.com\/ecoleduregard\/2026\/04\/24\/le-contenu-les-dates-les-tarifs\/","url":"https:\/\/mu.coherences.com\/ecoleduregard\/2026\/04\/24\/le-contenu-les-dates-les-tarifs\/","name":"Organisation, co\u00fbts - Bienvenu.e !","isPartOf":{"@id":"https:\/\/mu.coherences.com\/ecoleduregard\/#website"},"primaryImageOfPage":{"@id":"https:\/\/mu.coherences.com\/ecoleduregard\/2026\/04\/24\/le-contenu-les-dates-les-tarifs\/#primaryimage"},"image":{"@id":"https:\/\/mu.coherences.com\/ecoleduregard\/2026\/04\/24\/le-contenu-les-dates-les-tarifs\/#primaryimage"},"thumbnailUrl":"http:\/\/mu.coherences.com\/ecoleduregard\/wp-content\/uploads\/sites\/4\/2025\/03\/cheval-1.jpg","datePublished":"2026-04-24T14:30:40+00:00","dateModified":"2026-04-28T10:32:59+00:00","author":{"@id":"https:\/\/mu.coherences.com\/ecoleduregard\/#\/schema\/person\/9636eaa9b551acc278e109fd10ab5951"},"breadcrumb":{"@id":"https:\/\/mu.coherences.com\/ecoleduregard\/2026\/04\/24\/le-contenu-les-dates-les-tarifs\/#breadcrumb"},"inLanguage":"fr-FR","potentialAction":[{"@type":"ReadAction","target":["https:\/\/mu.coherences.com\/ecoleduregard\/2026\/04\/24\/le-contenu-les-dates-les-tarifs\/"]}]},{"@type":"ImageObject","inLanguage":"fr-FR","@id":"https:\/\/mu.coherences.com\/ecoleduregard\/2026\/04\/24\/le-contenu-les-dates-les-tarifs\/#primaryimage","url":"http:\/\/mu.coherences.com\/ecoleduregard\/wp-content\/uploads\/sites\/4\/2025\/03\/cheval-1.jpg","contentUrl":"http:\/\/mu.coherences.com\/ecoleduregard\/wp-content\/uploads\/sites\/4\/2025\/03\/cheval-1.jpg","width":472,"height":364},{"@type":"BreadcrumbList","@id":"https:\/\/mu.coherences.com\/ecoleduregard\/2026\/04\/24\/le-contenu-les-dates-les-tarifs\/#breadcrumb","itemListElement":[{"@type":"ListItem","position":1,"name":"Accueil","item":"https:\/\/mu.coherences.com\/ecoleduregard\/"},{"@type":"ListItem","position":2,"name":"Organisation, co\u00fbts"}]},{"@type":"WebSite","@id":"https:\/\/mu.coherences.com\/ecoleduregard\/#website","url":"https:\/\/mu.coherences.com\/ecoleduregard\/","name":"Bienvenu.e !","description":"","potentialAction":[{"@type":"SearchAction","target":{"@type":"EntryPoint","urlTemplate":"https:\/\/mu.coherences.com\/ecoleduregard\/?s={search_term_string}"},"query-input":{"@type":"PropertyValueSpecification","valueRequired":true,"valueName":"search_term_string"}}],"inLanguage":"fr-FR"},{"@type":"Person","@id":"https:\/\/mu.coherences.com\/ecoleduregard\/#\/schema\/person\/9636eaa9b551acc278e109fd10ab5951","name":"murielney","image":{"@type":"ImageObject","inLanguage":"fr-FR","@id":"https:\/\/secure.gravatar.com\/avatar\/1910856c237207117fb00198fda507fa8697eac0a566b2b7103375f15480cfaa?s=96&d=mm&r=g","url":"https:\/\/secure.gravatar.com\/avatar\/1910856c237207117fb00198fda507fa8697eac0a566b2b7103375f15480cfaa?s=96&d=mm&r=g","contentUrl":"https:\/\/secure.gravatar.com\/avatar\/1910856c237207117fb00198fda507fa8697eac0a566b2b7103375f15480cfaa?s=96&d=mm&r=g","caption":"murielney"},"description":"Muriel Ney artiste peintre, anime des stages de cr\u00e9ativit\u00e9 et peinture, et a fond\u00e9 une \u00e9cole du regard","sameAs":["https:\/\/www.facebook.com\/profile.php?id=100010183357886","@etilesum3237"],"url":"http:\/\/mu.coherences.com\/ecoleduregard\/author\/murielney\/"}]}},"_links":{"self":[{"href":"http:\/\/mu.coherences.com\/ecoleduregard\/wp-json\/wp\/v2\/posts\/27","targetHints":{"allow":["GET"]}}],"collection":[{"href":"http:\/\/mu.coherences.com\/ecoleduregard\/wp-json\/wp\/v2\/posts"}],"about":[{"href":"http:\/\/mu.coherences.com\/ecoleduregard\/wp-json\/wp\/v2\/types\/post"}],"author":[{"embeddable":true,"href":"http:\/\/mu.coherences.com\/ecoleduregard\/wp-json\/wp\/v2\/users\/1"}],"replies":[{"embeddable":true,"href":"http:\/\/mu.coherences.com\/ecoleduregard\/wp-json\/wp\/v2\/comments?post=27"}],"version-history":[{"count":148,"href":"http:\/\/mu.coherences.com\/ecoleduregard\/wp-json\/wp\/v2\/posts\/27\/revisions"}],"predecessor-version":[{"id":746,"href":"http:\/\/mu.coherences.com\/ecoleduregard\/wp-json\/wp\/v2\/posts\/27\/revisions\/746"}],"wp:attachment":[{"href":"http:\/\/mu.coherences.com\/ecoleduregard\/wp-json\/wp\/v2\/media?parent=27"}],"wp:term":[{"taxonomy":"category","embeddable":true,"href":"http:\/\/mu.coherences.com\/ecoleduregard\/wp-json\/wp\/v2\/categories?post=27"},{"taxonomy":"post_tag","embeddable":true,"href":"http:\/\/mu.coherences.com\/ecoleduregard\/wp-json\/wp\/v2\/tags?post=27"}],"curies":[{"name":"wp","href":"https:\/\/api.w.org\/{rel}","templated":true}]}}