{"id":25,"date":"2026-04-26T16:35:06","date_gmt":"2026-04-26T14:35:06","guid":{"rendered":"https:\/\/mu.coherences.com\/ecoleduregard\/?p=25"},"modified":"2026-04-28T12:28:10","modified_gmt":"2026-04-28T10:28:10","slug":"la-vision-les-atouts-les-pratiques","status":"publish","type":"post","link":"http:\/\/mu.coherences.com\/ecoleduregard\/2026\/04\/26\/la-vision-les-atouts-les-pratiques\/","title":{"rendered":"De quoi s&rsquo;agit-il ?"},"content":{"rendered":"\n<figure class=\"wp-block-image size-full\"><img loading=\"lazy\" decoding=\"async\" width=\"472\" height=\"491\" src=\"http:\/\/mu.coherences.com\/ecoleduregard\/wp-content\/uploads\/sites\/4\/2025\/03\/muriel-chevalet-1.jpg\" alt=\"\" class=\"wp-image-492\" srcset=\"http:\/\/mu.coherences.com\/ecoleduregard\/wp-content\/uploads\/sites\/4\/2025\/03\/muriel-chevalet-1.jpg 472w, http:\/\/mu.coherences.com\/ecoleduregard\/wp-content\/uploads\/sites\/4\/2025\/03\/muriel-chevalet-1-288x300.jpg 288w\" sizes=\"auto, (max-width: 472px) 85vw, 472px\" \/><\/figure>\n\n\n\n<p><br>\u00ab&nbsp;<em>Si je prends le temps de regarder simplement ce qui m\u2019entoure, ma t\u00eate se vide et je sens mon coeur s\u2019ouvrir \u00e0 ce que je per\u00e7ois. Alors me vient un sentiment de calme, de grande pr\u00e9sence et de joie\u2026 \u00e0 exister&nbsp;!<\/em>&nbsp;\u00bb <br><br>Muriel Ney <br>fondatrice de l\u2019\u00e9cole<\/p>\n\n\n\n<p><\/p>\n\n\n\n<h3 class=\"wp-block-heading\"><strong>La vision<\/strong><\/h3>\n\n\n\n<p>La pratique centrale de l\u2019\u00e9cole du regard est la peinture. Des yeux \u00e0 la main, s\u2019inspirer de ce qui est vu, engager tout son \u00eatre (sensations, \u00e9motions, imagination, intuition&#8230;), traduire et mat\u00e9rialiser son exp\u00e9rience sur une toile. Le processus de cr\u00e9ation nous invite \u00e0 porter notre attention sur le monde ext\u00e9rieur, notre monde int\u00e9rieur et le passage entre les deux. S\u2019int\u00e9resser aux apparences, paradoxalement, permet de mieux discerner ce qu\u2019il y a derri\u00e8re. Au fil du temps, les r\u00e9alisations t\u00e9moignent de la transformation du regard qui s\u2019\u00e9mancipe : regard sur soi, les autres, la cr\u00e9ation artistique.<\/p>\n\n\n\n<h3 class=\"wp-block-heading\"><strong>Les pratiques<\/strong><\/h3>\n\n\n\n<ul class=\"wp-block-list\">\n<li>La peinture, le dessin, la photographie<\/li>\n\n\n\n<li>L\u2019observation int\u00e9rieure<\/li>\n\n\n\n<li>Le corps en mouvement<\/li>\n<\/ul>\n\n\n\n<p>Les propositions peuvent s\u2019adapter en fonction de vous, de vos exp\u00e9riences pass\u00e9es. Elles invitent \u00e0 approfondir, ou bien \u00e0 retrouver la fraicheur des d\u00e9buts : h\u00e9sitation face \u00e0 l\u2019inconnu, curiosit\u00e9 des possibles, joie des d\u00e9couvertes.<\/p>\n\n\n\n<h3 class=\"wp-block-heading\"><strong>Les atouts<\/strong><\/h3>\n\n\n\n<ul class=\"wp-block-list\">\n<li>Du temps pour&nbsp;: <br>&#8211; vivre des explorations guid\u00e9es et \u00e9couter vos r\u00e9sonances int\u00e9rieures<br>&#8211; jouer, mettre votre corps et vos d\u00e9sirs en mouvement <br>&#8211; avoir un regard sur les cr\u00e9ations des autres et exposer les v\u00f4tres<\/li>\n\n\n\n<li>Une p\u00e9dagogie bas\u00e9e sur l\u2019exp\u00e9rience, amplifi\u00e9e par le v\u00e9cu au sein d\u2019un groupe stable<\/li>\n\n\n\n<li>Des entretiens individuels sur place et par t\u00e9l\u00e9phone : du recul pour nourrir votre regard sur le processus en cours, accueillir vos questionnements et d\u00e9couvertes<\/li>\n<\/ul>\n\n\n\n<p><\/p>\n","protected":false},"excerpt":{"rendered":"<p>\u00ab&nbsp;Si je prends le temps de regarder simplement ce qui m\u2019entoure, ma t\u00eate se vide et je sens mon coeur s\u2019ouvrir \u00e0 ce que je per\u00e7ois. Alors me vient un sentiment de calme, de grande pr\u00e9sence et de joie\u2026 \u00e0 exister&nbsp;!&nbsp;\u00bb Muriel Ney fondatrice de l\u2019\u00e9cole La vision La pratique centrale de l\u2019\u00e9cole du regard &hellip; <a href=\"http:\/\/mu.coherences.com\/ecoleduregard\/2026\/04\/26\/la-vision-les-atouts-les-pratiques\/\" class=\"more-link\">Continuer la lecture<span class=\"screen-reader-text\"> de &laquo;&nbsp;De quoi s&rsquo;agit-il ?&nbsp;&raquo;<\/span><\/a><\/p>\n","protected":false},"author":1,"featured_media":0,"comment_status":"closed","ping_status":"closed","sticky":false,"template":"","format":"standard","meta":{"ngg_post_thumbnail":0,"footnotes":""},"categories":[1],"tags":[],"class_list":["post-25","post","type-post","status-publish","format-standard","hentry","category-non-classe"],"yoast_head":"<!-- This site is optimized with the Yoast SEO plugin v27.5 - https:\/\/yoast.com\/product\/yoast-seo-wordpress\/ -->\n<title>De quoi s&#039;agit-il ? - Bienvenu.e !<\/title>\n<meta name=\"robots\" content=\"index, follow, max-snippet:-1, max-image-preview:large, max-video-preview:-1\" \/>\n<link rel=\"canonical\" href=\"https:\/\/mu.coherences.com\/ecoleduregard\/2026\/04\/26\/la-vision-les-atouts-les-pratiques\/\" \/>\n<meta property=\"og:locale\" content=\"fr_FR\" \/>\n<meta property=\"og:type\" content=\"article\" \/>\n<meta property=\"og:title\" content=\"De quoi s&#039;agit-il ? - Bienvenu.e !\" \/>\n<meta property=\"og:description\" content=\"\u00ab&nbsp;Si je prends le temps de regarder simplement ce qui m\u2019entoure, ma t\u00eate se vide et je sens mon coeur s\u2019ouvrir \u00e0 ce que je per\u00e7ois. Alors me vient un sentiment de calme, de grande pr\u00e9sence et de joie\u2026 \u00e0 exister&nbsp;!&nbsp;\u00bb Muriel Ney fondatrice de l\u2019\u00e9cole La vision La pratique centrale de l\u2019\u00e9cole du regard &hellip; Continuer la lecture de &laquo;&nbsp;De quoi s&rsquo;agit-il ?&nbsp;&raquo;\" \/>\n<meta property=\"og:url\" content=\"https:\/\/mu.coherences.com\/ecoleduregard\/2026\/04\/26\/la-vision-les-atouts-les-pratiques\/\" \/>\n<meta property=\"og:site_name\" content=\"Bienvenu.e !\" \/>\n<meta property=\"article:author\" content=\"https:\/\/www.facebook.com\/profile.php?id=100010183357886\" \/>\n<meta property=\"article:published_time\" content=\"2026-04-26T14:35:06+00:00\" \/>\n<meta property=\"article:modified_time\" content=\"2026-04-28T10:28:10+00:00\" \/>\n<meta property=\"og:image\" content=\"http:\/\/mu.coherences.com\/ecoleduregard\/wp-content\/uploads\/sites\/4\/2025\/03\/muriel-chevalet-1.jpg\" \/>\n<meta name=\"author\" content=\"murielney\" \/>\n<meta name=\"twitter:card\" content=\"summary_large_image\" \/>\n<meta name=\"twitter:label1\" content=\"\u00c9crit par\" \/>\n\t<meta name=\"twitter:data1\" content=\"murielney\" \/>\n\t<meta name=\"twitter:label2\" content=\"Dur\u00e9e de lecture estim\u00e9e\" \/>\n\t<meta name=\"twitter:data2\" content=\"2 minutes\" \/>\n<script type=\"application\/ld+json\" class=\"yoast-schema-graph\">{\"@context\":\"https:\\\/\\\/schema.org\",\"@graph\":[{\"@type\":\"Article\",\"@id\":\"https:\\\/\\\/mu.coherences.com\\\/ecoleduregard\\\/2026\\\/04\\\/26\\\/la-vision-les-atouts-les-pratiques\\\/#article\",\"isPartOf\":{\"@id\":\"https:\\\/\\\/mu.coherences.com\\\/ecoleduregard\\\/2026\\\/04\\\/26\\\/la-vision-les-atouts-les-pratiques\\\/\"},\"author\":{\"name\":\"murielney\",\"@id\":\"https:\\\/\\\/mu.coherences.com\\\/ecoleduregard\\\/#\\\/schema\\\/person\\\/9636eaa9b551acc278e109fd10ab5951\"},\"headline\":\"De quoi s&rsquo;agit-il ?\",\"datePublished\":\"2026-04-26T14:35:06+00:00\",\"dateModified\":\"2026-04-28T10:28:10+00:00\",\"mainEntityOfPage\":{\"@id\":\"https:\\\/\\\/mu.coherences.com\\\/ecoleduregard\\\/2026\\\/04\\\/26\\\/la-vision-les-atouts-les-pratiques\\\/\"},\"wordCount\":312,\"image\":{\"@id\":\"https:\\\/\\\/mu.coherences.com\\\/ecoleduregard\\\/2026\\\/04\\\/26\\\/la-vision-les-atouts-les-pratiques\\\/#primaryimage\"},\"thumbnailUrl\":\"http:\\\/\\\/mu.coherences.com\\\/ecoleduregard\\\/wp-content\\\/uploads\\\/sites\\\/4\\\/2025\\\/03\\\/muriel-chevalet-1.jpg\",\"inLanguage\":\"fr-FR\"},{\"@type\":\"WebPage\",\"@id\":\"https:\\\/\\\/mu.coherences.com\\\/ecoleduregard\\\/2026\\\/04\\\/26\\\/la-vision-les-atouts-les-pratiques\\\/\",\"url\":\"https:\\\/\\\/mu.coherences.com\\\/ecoleduregard\\\/2026\\\/04\\\/26\\\/la-vision-les-atouts-les-pratiques\\\/\",\"name\":\"De quoi s'agit-il ? - Bienvenu.e !\",\"isPartOf\":{\"@id\":\"https:\\\/\\\/mu.coherences.com\\\/ecoleduregard\\\/#website\"},\"primaryImageOfPage\":{\"@id\":\"https:\\\/\\\/mu.coherences.com\\\/ecoleduregard\\\/2026\\\/04\\\/26\\\/la-vision-les-atouts-les-pratiques\\\/#primaryimage\"},\"image\":{\"@id\":\"https:\\\/\\\/mu.coherences.com\\\/ecoleduregard\\\/2026\\\/04\\\/26\\\/la-vision-les-atouts-les-pratiques\\\/#primaryimage\"},\"thumbnailUrl\":\"http:\\\/\\\/mu.coherences.com\\\/ecoleduregard\\\/wp-content\\\/uploads\\\/sites\\\/4\\\/2025\\\/03\\\/muriel-chevalet-1.jpg\",\"datePublished\":\"2026-04-26T14:35:06+00:00\",\"dateModified\":\"2026-04-28T10:28:10+00:00\",\"author\":{\"@id\":\"https:\\\/\\\/mu.coherences.com\\\/ecoleduregard\\\/#\\\/schema\\\/person\\\/9636eaa9b551acc278e109fd10ab5951\"},\"breadcrumb\":{\"@id\":\"https:\\\/\\\/mu.coherences.com\\\/ecoleduregard\\\/2026\\\/04\\\/26\\\/la-vision-les-atouts-les-pratiques\\\/#breadcrumb\"},\"inLanguage\":\"fr-FR\",\"potentialAction\":[{\"@type\":\"ReadAction\",\"target\":[\"https:\\\/\\\/mu.coherences.com\\\/ecoleduregard\\\/2026\\\/04\\\/26\\\/la-vision-les-atouts-les-pratiques\\\/\"]}]},{\"@type\":\"ImageObject\",\"inLanguage\":\"fr-FR\",\"@id\":\"https:\\\/\\\/mu.coherences.com\\\/ecoleduregard\\\/2026\\\/04\\\/26\\\/la-vision-les-atouts-les-pratiques\\\/#primaryimage\",\"url\":\"http:\\\/\\\/mu.coherences.com\\\/ecoleduregard\\\/wp-content\\\/uploads\\\/sites\\\/4\\\/2025\\\/03\\\/muriel-chevalet-1.jpg\",\"contentUrl\":\"http:\\\/\\\/mu.coherences.com\\\/ecoleduregard\\\/wp-content\\\/uploads\\\/sites\\\/4\\\/2025\\\/03\\\/muriel-chevalet-1.jpg\",\"width\":472,\"height\":491},{\"@type\":\"BreadcrumbList\",\"@id\":\"https:\\\/\\\/mu.coherences.com\\\/ecoleduregard\\\/2026\\\/04\\\/26\\\/la-vision-les-atouts-les-pratiques\\\/#breadcrumb\",\"itemListElement\":[{\"@type\":\"ListItem\",\"position\":1,\"name\":\"Accueil\",\"item\":\"https:\\\/\\\/mu.coherences.com\\\/ecoleduregard\\\/\"},{\"@type\":\"ListItem\",\"position\":2,\"name\":\"De quoi s&rsquo;agit-il ?\"}]},{\"@type\":\"WebSite\",\"@id\":\"https:\\\/\\\/mu.coherences.com\\\/ecoleduregard\\\/#website\",\"url\":\"https:\\\/\\\/mu.coherences.com\\\/ecoleduregard\\\/\",\"name\":\"Bienvenu.e !\",\"description\":\"\",\"potentialAction\":[{\"@type\":\"SearchAction\",\"target\":{\"@type\":\"EntryPoint\",\"urlTemplate\":\"https:\\\/\\\/mu.coherences.com\\\/ecoleduregard\\\/?s={search_term_string}\"},\"query-input\":{\"@type\":\"PropertyValueSpecification\",\"valueRequired\":true,\"valueName\":\"search_term_string\"}}],\"inLanguage\":\"fr-FR\"},{\"@type\":\"Person\",\"@id\":\"https:\\\/\\\/mu.coherences.com\\\/ecoleduregard\\\/#\\\/schema\\\/person\\\/9636eaa9b551acc278e109fd10ab5951\",\"name\":\"murielney\",\"image\":{\"@type\":\"ImageObject\",\"inLanguage\":\"fr-FR\",\"@id\":\"https:\\\/\\\/secure.gravatar.com\\\/avatar\\\/1910856c237207117fb00198fda507fa8697eac0a566b2b7103375f15480cfaa?s=96&d=mm&r=g\",\"url\":\"https:\\\/\\\/secure.gravatar.com\\\/avatar\\\/1910856c237207117fb00198fda507fa8697eac0a566b2b7103375f15480cfaa?s=96&d=mm&r=g\",\"contentUrl\":\"https:\\\/\\\/secure.gravatar.com\\\/avatar\\\/1910856c237207117fb00198fda507fa8697eac0a566b2b7103375f15480cfaa?s=96&d=mm&r=g\",\"caption\":\"murielney\"},\"description\":\"Muriel Ney artiste peintre, anime des stages de cr\u00e9ativit\u00e9 et peinture, et a fond\u00e9 une \u00e9cole du regard\",\"sameAs\":[\"https:\\\/\\\/www.facebook.com\\\/profile.php?id=100010183357886\",\"@etilesum3237\"],\"url\":\"http:\\\/\\\/mu.coherences.com\\\/ecoleduregard\\\/author\\\/murielney\\\/\"}]}<\/script>\n<!-- \/ Yoast SEO plugin. -->","yoast_head_json":{"title":"De quoi s'agit-il ? - Bienvenu.e !","robots":{"index":"index","follow":"follow","max-snippet":"max-snippet:-1","max-image-preview":"max-image-preview:large","max-video-preview":"max-video-preview:-1"},"canonical":"https:\/\/mu.coherences.com\/ecoleduregard\/2026\/04\/26\/la-vision-les-atouts-les-pratiques\/","og_locale":"fr_FR","og_type":"article","og_title":"De quoi s'agit-il ? - Bienvenu.e !","og_description":"\u00ab&nbsp;Si je prends le temps de regarder simplement ce qui m\u2019entoure, ma t\u00eate se vide et je sens mon coeur s\u2019ouvrir \u00e0 ce que je per\u00e7ois. Alors me vient un sentiment de calme, de grande pr\u00e9sence et de joie\u2026 \u00e0 exister&nbsp;!&nbsp;\u00bb Muriel Ney fondatrice de l\u2019\u00e9cole La vision La pratique centrale de l\u2019\u00e9cole du regard &hellip; Continuer la lecture de &laquo;&nbsp;De quoi s&rsquo;agit-il ?&nbsp;&raquo;","og_url":"https:\/\/mu.coherences.com\/ecoleduregard\/2026\/04\/26\/la-vision-les-atouts-les-pratiques\/","og_site_name":"Bienvenu.e !","article_author":"https:\/\/www.facebook.com\/profile.php?id=100010183357886","article_published_time":"2026-04-26T14:35:06+00:00","article_modified_time":"2026-04-28T10:28:10+00:00","og_image":[{"url":"http:\/\/mu.coherences.com\/ecoleduregard\/wp-content\/uploads\/sites\/4\/2025\/03\/muriel-chevalet-1.jpg","type":"","width":"","height":""}],"author":"murielney","twitter_card":"summary_large_image","twitter_misc":{"\u00c9crit par":"murielney","Dur\u00e9e de lecture estim\u00e9e":"2 minutes"},"schema":{"@context":"https:\/\/schema.org","@graph":[{"@type":"Article","@id":"https:\/\/mu.coherences.com\/ecoleduregard\/2026\/04\/26\/la-vision-les-atouts-les-pratiques\/#article","isPartOf":{"@id":"https:\/\/mu.coherences.com\/ecoleduregard\/2026\/04\/26\/la-vision-les-atouts-les-pratiques\/"},"author":{"name":"murielney","@id":"https:\/\/mu.coherences.com\/ecoleduregard\/#\/schema\/person\/9636eaa9b551acc278e109fd10ab5951"},"headline":"De quoi s&rsquo;agit-il ?","datePublished":"2026-04-26T14:35:06+00:00","dateModified":"2026-04-28T10:28:10+00:00","mainEntityOfPage":{"@id":"https:\/\/mu.coherences.com\/ecoleduregard\/2026\/04\/26\/la-vision-les-atouts-les-pratiques\/"},"wordCount":312,"image":{"@id":"https:\/\/mu.coherences.com\/ecoleduregard\/2026\/04\/26\/la-vision-les-atouts-les-pratiques\/#primaryimage"},"thumbnailUrl":"http:\/\/mu.coherences.com\/ecoleduregard\/wp-content\/uploads\/sites\/4\/2025\/03\/muriel-chevalet-1.jpg","inLanguage":"fr-FR"},{"@type":"WebPage","@id":"https:\/\/mu.coherences.com\/ecoleduregard\/2026\/04\/26\/la-vision-les-atouts-les-pratiques\/","url":"https:\/\/mu.coherences.com\/ecoleduregard\/2026\/04\/26\/la-vision-les-atouts-les-pratiques\/","name":"De quoi s'agit-il ? - Bienvenu.e !","isPartOf":{"@id":"https:\/\/mu.coherences.com\/ecoleduregard\/#website"},"primaryImageOfPage":{"@id":"https:\/\/mu.coherences.com\/ecoleduregard\/2026\/04\/26\/la-vision-les-atouts-les-pratiques\/#primaryimage"},"image":{"@id":"https:\/\/mu.coherences.com\/ecoleduregard\/2026\/04\/26\/la-vision-les-atouts-les-pratiques\/#primaryimage"},"thumbnailUrl":"http:\/\/mu.coherences.com\/ecoleduregard\/wp-content\/uploads\/sites\/4\/2025\/03\/muriel-chevalet-1.jpg","datePublished":"2026-04-26T14:35:06+00:00","dateModified":"2026-04-28T10:28:10+00:00","author":{"@id":"https:\/\/mu.coherences.com\/ecoleduregard\/#\/schema\/person\/9636eaa9b551acc278e109fd10ab5951"},"breadcrumb":{"@id":"https:\/\/mu.coherences.com\/ecoleduregard\/2026\/04\/26\/la-vision-les-atouts-les-pratiques\/#breadcrumb"},"inLanguage":"fr-FR","potentialAction":[{"@type":"ReadAction","target":["https:\/\/mu.coherences.com\/ecoleduregard\/2026\/04\/26\/la-vision-les-atouts-les-pratiques\/"]}]},{"@type":"ImageObject","inLanguage":"fr-FR","@id":"https:\/\/mu.coherences.com\/ecoleduregard\/2026\/04\/26\/la-vision-les-atouts-les-pratiques\/#primaryimage","url":"http:\/\/mu.coherences.com\/ecoleduregard\/wp-content\/uploads\/sites\/4\/2025\/03\/muriel-chevalet-1.jpg","contentUrl":"http:\/\/mu.coherences.com\/ecoleduregard\/wp-content\/uploads\/sites\/4\/2025\/03\/muriel-chevalet-1.jpg","width":472,"height":491},{"@type":"BreadcrumbList","@id":"https:\/\/mu.coherences.com\/ecoleduregard\/2026\/04\/26\/la-vision-les-atouts-les-pratiques\/#breadcrumb","itemListElement":[{"@type":"ListItem","position":1,"name":"Accueil","item":"https:\/\/mu.coherences.com\/ecoleduregard\/"},{"@type":"ListItem","position":2,"name":"De quoi s&rsquo;agit-il ?"}]},{"@type":"WebSite","@id":"https:\/\/mu.coherences.com\/ecoleduregard\/#website","url":"https:\/\/mu.coherences.com\/ecoleduregard\/","name":"Bienvenu.e !","description":"","potentialAction":[{"@type":"SearchAction","target":{"@type":"EntryPoint","urlTemplate":"https:\/\/mu.coherences.com\/ecoleduregard\/?s={search_term_string}"},"query-input":{"@type":"PropertyValueSpecification","valueRequired":true,"valueName":"search_term_string"}}],"inLanguage":"fr-FR"},{"@type":"Person","@id":"https:\/\/mu.coherences.com\/ecoleduregard\/#\/schema\/person\/9636eaa9b551acc278e109fd10ab5951","name":"murielney","image":{"@type":"ImageObject","inLanguage":"fr-FR","@id":"https:\/\/secure.gravatar.com\/avatar\/1910856c237207117fb00198fda507fa8697eac0a566b2b7103375f15480cfaa?s=96&d=mm&r=g","url":"https:\/\/secure.gravatar.com\/avatar\/1910856c237207117fb00198fda507fa8697eac0a566b2b7103375f15480cfaa?s=96&d=mm&r=g","contentUrl":"https:\/\/secure.gravatar.com\/avatar\/1910856c237207117fb00198fda507fa8697eac0a566b2b7103375f15480cfaa?s=96&d=mm&r=g","caption":"murielney"},"description":"Muriel Ney artiste peintre, anime des stages de cr\u00e9ativit\u00e9 et peinture, et a fond\u00e9 une \u00e9cole du regard","sameAs":["https:\/\/www.facebook.com\/profile.php?id=100010183357886","@etilesum3237"],"url":"http:\/\/mu.coherences.com\/ecoleduregard\/author\/murielney\/"}]}},"_links":{"self":[{"href":"http:\/\/mu.coherences.com\/ecoleduregard\/wp-json\/wp\/v2\/posts\/25","targetHints":{"allow":["GET"]}}],"collection":[{"href":"http:\/\/mu.coherences.com\/ecoleduregard\/wp-json\/wp\/v2\/posts"}],"about":[{"href":"http:\/\/mu.coherences.com\/ecoleduregard\/wp-json\/wp\/v2\/types\/post"}],"author":[{"embeddable":true,"href":"http:\/\/mu.coherences.com\/ecoleduregard\/wp-json\/wp\/v2\/users\/1"}],"replies":[{"embeddable":true,"href":"http:\/\/mu.coherences.com\/ecoleduregard\/wp-json\/wp\/v2\/comments?post=25"}],"version-history":[{"count":87,"href":"http:\/\/mu.coherences.com\/ecoleduregard\/wp-json\/wp\/v2\/posts\/25\/revisions"}],"predecessor-version":[{"id":629,"href":"http:\/\/mu.coherences.com\/ecoleduregard\/wp-json\/wp\/v2\/posts\/25\/revisions\/629"}],"wp:attachment":[{"href":"http:\/\/mu.coherences.com\/ecoleduregard\/wp-json\/wp\/v2\/media?parent=25"}],"wp:term":[{"taxonomy":"category","embeddable":true,"href":"http:\/\/mu.coherences.com\/ecoleduregard\/wp-json\/wp\/v2\/categories?post=25"},{"taxonomy":"post_tag","embeddable":true,"href":"http:\/\/mu.coherences.com\/ecoleduregard\/wp-json\/wp\/v2\/tags?post=25"}],"curies":[{"name":"wp","href":"https:\/\/api.w.org\/{rel}","templated":true}]}}