{"id":122,"date":"2026-04-22T16:20:04","date_gmt":"2026-04-22T14:20:04","guid":{"rendered":"https:\/\/mu.coherences.com\/ecoleduregard\/?p=122"},"modified":"2026-04-28T12:29:05","modified_gmt":"2026-04-28T10:29:05","slug":"le-lieu","status":"publish","type":"post","link":"http:\/\/mu.coherences.com\/ecoleduregard\/2026\/04\/22\/le-lieu\/","title":{"rendered":"Lieu, contact"},"content":{"rendered":"\n<figure class=\"wp-block-image size-full\"><img loading=\"lazy\" decoding=\"async\" width=\"1378\" height=\"919\" src=\"https:\/\/mu.coherences.com\/ecoleduregard\/wp-content\/uploads\/sites\/4\/2025\/03\/CMS06143.jpg\" alt=\"\" class=\"wp-image-530\" srcset=\"http:\/\/mu.coherences.com\/ecoleduregard\/wp-content\/uploads\/sites\/4\/2025\/03\/CMS06143.jpg 1378w, http:\/\/mu.coherences.com\/ecoleduregard\/wp-content\/uploads\/sites\/4\/2025\/03\/CMS06143-300x200.jpg 300w, http:\/\/mu.coherences.com\/ecoleduregard\/wp-content\/uploads\/sites\/4\/2025\/03\/CMS06143-1024x683.jpg 1024w, http:\/\/mu.coherences.com\/ecoleduregard\/wp-content\/uploads\/sites\/4\/2025\/03\/CMS06143-768x512.jpg 768w, http:\/\/mu.coherences.com\/ecoleduregard\/wp-content\/uploads\/sites\/4\/2025\/03\/CMS06143-1200x800.jpg 1200w\" sizes=\"auto, (max-width: 709px) 85vw, (max-width: 909px) 67vw, (max-width: 1362px) 62vw, 840px\" \/><\/figure>\n\n\n\n<p>Une maison de village en Bourgogne Sud, pour respirer dans la nature.<\/p>\n\n\n\n<p>Un atelier de peinture de 100m<sup>2<\/sup> pour s&rsquo;exprimer, libre de ses gestes&#8230;<\/p>\n\n\n\n<figure class=\"wp-block-image size-full\"><img loading=\"lazy\" decoding=\"async\" width=\"551\" height=\"367\" src=\"https:\/\/mu.coherences.com\/ecoleduregard\/wp-content\/uploads\/sites\/4\/2025\/03\/CMV01311-2-1.jpeg\" alt=\"\" class=\"wp-image-550\" srcset=\"http:\/\/mu.coherences.com\/ecoleduregard\/wp-content\/uploads\/sites\/4\/2025\/03\/CMV01311-2-1.jpeg 551w, http:\/\/mu.coherences.com\/ecoleduregard\/wp-content\/uploads\/sites\/4\/2025\/03\/CMV01311-2-1-300x200.jpeg 300w\" sizes=\"auto, (max-width: 551px) 85vw, 551px\" \/><\/figure>\n\n\n\n<p>Chez Muriel et Craig<br>L&rsquo;Arancia<br>9 rue de la mairie<br>71520 Trambly<\/p>\n\n\n\n<p>Arr\u00eat de bus le plus proche : Cluny<br>Gares : M\u00e2con Loch\u00e9 ou M\u00e2con ville<br>En voiture : 1h du nord de Lyon<\/p>\n\n\n\n<figure class=\"wp-block-image size-full is-resized\"><img loading=\"lazy\" decoding=\"async\" width=\"1500\" height=\"1125\" src=\"https:\/\/mu.coherences.com\/ecoleduregard\/wp-content\/uploads\/sites\/4\/2025\/03\/terasse.jpg\" alt=\"\" class=\"wp-image-689\" style=\"width:492px;height:auto\" srcset=\"http:\/\/mu.coherences.com\/ecoleduregard\/wp-content\/uploads\/sites\/4\/2025\/03\/terasse.jpg 1500w, http:\/\/mu.coherences.com\/ecoleduregard\/wp-content\/uploads\/sites\/4\/2025\/03\/terasse-300x225.jpg 300w, http:\/\/mu.coherences.com\/ecoleduregard\/wp-content\/uploads\/sites\/4\/2025\/03\/terasse-1024x768.jpg 1024w, http:\/\/mu.coherences.com\/ecoleduregard\/wp-content\/uploads\/sites\/4\/2025\/03\/terasse-768x576.jpg 768w, http:\/\/mu.coherences.com\/ecoleduregard\/wp-content\/uploads\/sites\/4\/2025\/03\/terasse-1200x900.jpg 1200w\" sizes=\"auto, (max-width: 709px) 85vw, (max-width: 909px) 67vw, (max-width: 1362px) 62vw, 840px\" \/><\/figure>\n\n\n\n<h3 class=\"wp-block-heading\"><strong>Contact :<\/strong><\/h3>\n\n\n\n<p><strong>etilesum sur gmail.com ou 09-54-03-08-18 (r\u00e9pondeur)<\/strong><\/p>\n\n\n\n<p><strong>Nous pouvons r\u00e9pondre \u00e0 vos questions par t\u00e9l\u00e9phone ou par mail, vous donner un rendez-vous pour se rencontrer, ou vous proposer un atelier (sur une journ\u00e9e ou sur un week-end).<\/strong><\/p>\n\n\n\n<p><\/p>\n","protected":false},"excerpt":{"rendered":"<p>Une maison de village en Bourgogne Sud, pour respirer dans la nature. Un atelier de peinture de 100m2 pour s&rsquo;exprimer, libre de ses gestes&#8230; Chez Muriel et CraigL&rsquo;Arancia9 rue de la mairie71520 Trambly Arr\u00eat de bus le plus proche : ClunyGares : M\u00e2con Loch\u00e9 ou M\u00e2con villeEn voiture : 1h du nord de Lyon Contact &hellip; <a href=\"http:\/\/mu.coherences.com\/ecoleduregard\/2026\/04\/22\/le-lieu\/\" class=\"more-link\">Continuer la lecture<span class=\"screen-reader-text\"> de &laquo;&nbsp;Lieu, contact&nbsp;&raquo;<\/span><\/a><\/p>\n","protected":false},"author":1,"featured_media":0,"comment_status":"closed","ping_status":"open","sticky":false,"template":"","format":"standard","meta":{"ngg_post_thumbnail":0,"footnotes":""},"categories":[1],"tags":[],"class_list":["post-122","post","type-post","status-publish","format-standard","hentry","category-non-classe"],"yoast_head":"<!-- This site is optimized with the Yoast SEO plugin v27.5 - https:\/\/yoast.com\/product\/yoast-seo-wordpress\/ -->\n<title>Lieu, contact - Bienvenu.e !<\/title>\n<meta name=\"robots\" content=\"index, follow, max-snippet:-1, max-image-preview:large, max-video-preview:-1\" \/>\n<link rel=\"canonical\" href=\"https:\/\/mu.coherences.com\/ecoleduregard\/2026\/04\/22\/le-lieu\/\" \/>\n<meta property=\"og:locale\" content=\"fr_FR\" \/>\n<meta property=\"og:type\" content=\"article\" \/>\n<meta property=\"og:title\" content=\"Lieu, contact - Bienvenu.e !\" \/>\n<meta property=\"og:description\" content=\"Une maison de village en Bourgogne Sud, pour respirer dans la nature. Un atelier de peinture de 100m2 pour s&rsquo;exprimer, libre de ses gestes&#8230; Chez Muriel et CraigL&rsquo;Arancia9 rue de la mairie71520 Trambly Arr\u00eat de bus le plus proche : ClunyGares : M\u00e2con Loch\u00e9 ou M\u00e2con villeEn voiture : 1h du nord de Lyon Contact &hellip; Continuer la lecture de &laquo;&nbsp;Lieu, contact&nbsp;&raquo;\" \/>\n<meta property=\"og:url\" content=\"https:\/\/mu.coherences.com\/ecoleduregard\/2026\/04\/22\/le-lieu\/\" \/>\n<meta property=\"og:site_name\" content=\"Bienvenu.e !\" \/>\n<meta property=\"article:author\" content=\"https:\/\/www.facebook.com\/profile.php?id=100010183357886\" \/>\n<meta property=\"article:published_time\" content=\"2026-04-22T14:20:04+00:00\" \/>\n<meta property=\"article:modified_time\" content=\"2026-04-28T10:29:05+00:00\" \/>\n<meta property=\"og:image\" content=\"https:\/\/mu.coherences.com\/ecoleduregard\/wp-content\/uploads\/sites\/4\/2025\/03\/CMS06143.jpg\" \/>\n<meta name=\"author\" content=\"murielney\" \/>\n<meta name=\"twitter:card\" content=\"summary_large_image\" \/>\n<meta name=\"twitter:label1\" content=\"\u00c9crit par\" \/>\n\t<meta name=\"twitter:data1\" content=\"murielney\" \/>\n\t<meta name=\"twitter:label2\" content=\"Dur\u00e9e de lecture estim\u00e9e\" \/>\n\t<meta name=\"twitter:data2\" content=\"2 minutes\" \/>\n<script type=\"application\/ld+json\" class=\"yoast-schema-graph\">{\"@context\":\"https:\\\/\\\/schema.org\",\"@graph\":[{\"@type\":\"Article\",\"@id\":\"https:\\\/\\\/mu.coherences.com\\\/ecoleduregard\\\/2026\\\/04\\\/22\\\/le-lieu\\\/#article\",\"isPartOf\":{\"@id\":\"https:\\\/\\\/mu.coherences.com\\\/ecoleduregard\\\/2026\\\/04\\\/22\\\/le-lieu\\\/\"},\"author\":{\"name\":\"murielney\",\"@id\":\"https:\\\/\\\/mu.coherences.com\\\/ecoleduregard\\\/#\\\/schema\\\/person\\\/9636eaa9b551acc278e109fd10ab5951\"},\"headline\":\"Lieu, contact\",\"datePublished\":\"2026-04-22T14:20:04+00:00\",\"dateModified\":\"2026-04-28T10:29:05+00:00\",\"mainEntityOfPage\":{\"@id\":\"https:\\\/\\\/mu.coherences.com\\\/ecoleduregard\\\/2026\\\/04\\\/22\\\/le-lieu\\\/\"},\"wordCount\":101,\"image\":{\"@id\":\"https:\\\/\\\/mu.coherences.com\\\/ecoleduregard\\\/2026\\\/04\\\/22\\\/le-lieu\\\/#primaryimage\"},\"thumbnailUrl\":\"https:\\\/\\\/mu.coherences.com\\\/ecoleduregard\\\/wp-content\\\/uploads\\\/sites\\\/4\\\/2025\\\/03\\\/CMS06143.jpg\",\"inLanguage\":\"fr-FR\"},{\"@type\":\"WebPage\",\"@id\":\"https:\\\/\\\/mu.coherences.com\\\/ecoleduregard\\\/2026\\\/04\\\/22\\\/le-lieu\\\/\",\"url\":\"https:\\\/\\\/mu.coherences.com\\\/ecoleduregard\\\/2026\\\/04\\\/22\\\/le-lieu\\\/\",\"name\":\"Lieu, contact - Bienvenu.e !\",\"isPartOf\":{\"@id\":\"https:\\\/\\\/mu.coherences.com\\\/ecoleduregard\\\/#website\"},\"primaryImageOfPage\":{\"@id\":\"https:\\\/\\\/mu.coherences.com\\\/ecoleduregard\\\/2026\\\/04\\\/22\\\/le-lieu\\\/#primaryimage\"},\"image\":{\"@id\":\"https:\\\/\\\/mu.coherences.com\\\/ecoleduregard\\\/2026\\\/04\\\/22\\\/le-lieu\\\/#primaryimage\"},\"thumbnailUrl\":\"https:\\\/\\\/mu.coherences.com\\\/ecoleduregard\\\/wp-content\\\/uploads\\\/sites\\\/4\\\/2025\\\/03\\\/CMS06143.jpg\",\"datePublished\":\"2026-04-22T14:20:04+00:00\",\"dateModified\":\"2026-04-28T10:29:05+00:00\",\"author\":{\"@id\":\"https:\\\/\\\/mu.coherences.com\\\/ecoleduregard\\\/#\\\/schema\\\/person\\\/9636eaa9b551acc278e109fd10ab5951\"},\"breadcrumb\":{\"@id\":\"https:\\\/\\\/mu.coherences.com\\\/ecoleduregard\\\/2026\\\/04\\\/22\\\/le-lieu\\\/#breadcrumb\"},\"inLanguage\":\"fr-FR\",\"potentialAction\":[{\"@type\":\"ReadAction\",\"target\":[\"https:\\\/\\\/mu.coherences.com\\\/ecoleduregard\\\/2026\\\/04\\\/22\\\/le-lieu\\\/\"]}]},{\"@type\":\"ImageObject\",\"inLanguage\":\"fr-FR\",\"@id\":\"https:\\\/\\\/mu.coherences.com\\\/ecoleduregard\\\/2026\\\/04\\\/22\\\/le-lieu\\\/#primaryimage\",\"url\":\"http:\\\/\\\/mu.coherences.com\\\/ecoleduregard\\\/wp-content\\\/uploads\\\/sites\\\/4\\\/2025\\\/03\\\/CMS06143.jpg\",\"contentUrl\":\"http:\\\/\\\/mu.coherences.com\\\/ecoleduregard\\\/wp-content\\\/uploads\\\/sites\\\/4\\\/2025\\\/03\\\/CMS06143.jpg\",\"width\":1378,\"height\":919},{\"@type\":\"BreadcrumbList\",\"@id\":\"https:\\\/\\\/mu.coherences.com\\\/ecoleduregard\\\/2026\\\/04\\\/22\\\/le-lieu\\\/#breadcrumb\",\"itemListElement\":[{\"@type\":\"ListItem\",\"position\":1,\"name\":\"Accueil\",\"item\":\"https:\\\/\\\/mu.coherences.com\\\/ecoleduregard\\\/\"},{\"@type\":\"ListItem\",\"position\":2,\"name\":\"Lieu, contact\"}]},{\"@type\":\"WebSite\",\"@id\":\"https:\\\/\\\/mu.coherences.com\\\/ecoleduregard\\\/#website\",\"url\":\"https:\\\/\\\/mu.coherences.com\\\/ecoleduregard\\\/\",\"name\":\"Bienvenu.e !\",\"description\":\"\",\"potentialAction\":[{\"@type\":\"SearchAction\",\"target\":{\"@type\":\"EntryPoint\",\"urlTemplate\":\"https:\\\/\\\/mu.coherences.com\\\/ecoleduregard\\\/?s={search_term_string}\"},\"query-input\":{\"@type\":\"PropertyValueSpecification\",\"valueRequired\":true,\"valueName\":\"search_term_string\"}}],\"inLanguage\":\"fr-FR\"},{\"@type\":\"Person\",\"@id\":\"https:\\\/\\\/mu.coherences.com\\\/ecoleduregard\\\/#\\\/schema\\\/person\\\/9636eaa9b551acc278e109fd10ab5951\",\"name\":\"murielney\",\"image\":{\"@type\":\"ImageObject\",\"inLanguage\":\"fr-FR\",\"@id\":\"https:\\\/\\\/secure.gravatar.com\\\/avatar\\\/1910856c237207117fb00198fda507fa8697eac0a566b2b7103375f15480cfaa?s=96&d=mm&r=g\",\"url\":\"https:\\\/\\\/secure.gravatar.com\\\/avatar\\\/1910856c237207117fb00198fda507fa8697eac0a566b2b7103375f15480cfaa?s=96&d=mm&r=g\",\"contentUrl\":\"https:\\\/\\\/secure.gravatar.com\\\/avatar\\\/1910856c237207117fb00198fda507fa8697eac0a566b2b7103375f15480cfaa?s=96&d=mm&r=g\",\"caption\":\"murielney\"},\"description\":\"Muriel Ney artiste peintre, anime des stages de cr\u00e9ativit\u00e9 et peinture, et a fond\u00e9 une \u00e9cole du regard\",\"sameAs\":[\"https:\\\/\\\/www.facebook.com\\\/profile.php?id=100010183357886\",\"@etilesum3237\"],\"url\":\"http:\\\/\\\/mu.coherences.com\\\/ecoleduregard\\\/author\\\/murielney\\\/\"}]}<\/script>\n<!-- \/ Yoast SEO plugin. -->","yoast_head_json":{"title":"Lieu, contact - Bienvenu.e !","robots":{"index":"index","follow":"follow","max-snippet":"max-snippet:-1","max-image-preview":"max-image-preview:large","max-video-preview":"max-video-preview:-1"},"canonical":"https:\/\/mu.coherences.com\/ecoleduregard\/2026\/04\/22\/le-lieu\/","og_locale":"fr_FR","og_type":"article","og_title":"Lieu, contact - Bienvenu.e !","og_description":"Une maison de village en Bourgogne Sud, pour respirer dans la nature. Un atelier de peinture de 100m2 pour s&rsquo;exprimer, libre de ses gestes&#8230; Chez Muriel et CraigL&rsquo;Arancia9 rue de la mairie71520 Trambly Arr\u00eat de bus le plus proche : ClunyGares : M\u00e2con Loch\u00e9 ou M\u00e2con villeEn voiture : 1h du nord de Lyon Contact &hellip; Continuer la lecture de &laquo;&nbsp;Lieu, contact&nbsp;&raquo;","og_url":"https:\/\/mu.coherences.com\/ecoleduregard\/2026\/04\/22\/le-lieu\/","og_site_name":"Bienvenu.e !","article_author":"https:\/\/www.facebook.com\/profile.php?id=100010183357886","article_published_time":"2026-04-22T14:20:04+00:00","article_modified_time":"2026-04-28T10:29:05+00:00","og_image":[{"url":"https:\/\/mu.coherences.com\/ecoleduregard\/wp-content\/uploads\/sites\/4\/2025\/03\/CMS06143.jpg","type":"","width":"","height":""}],"author":"murielney","twitter_card":"summary_large_image","twitter_misc":{"\u00c9crit par":"murielney","Dur\u00e9e de lecture estim\u00e9e":"2 minutes"},"schema":{"@context":"https:\/\/schema.org","@graph":[{"@type":"Article","@id":"https:\/\/mu.coherences.com\/ecoleduregard\/2026\/04\/22\/le-lieu\/#article","isPartOf":{"@id":"https:\/\/mu.coherences.com\/ecoleduregard\/2026\/04\/22\/le-lieu\/"},"author":{"name":"murielney","@id":"https:\/\/mu.coherences.com\/ecoleduregard\/#\/schema\/person\/9636eaa9b551acc278e109fd10ab5951"},"headline":"Lieu, contact","datePublished":"2026-04-22T14:20:04+00:00","dateModified":"2026-04-28T10:29:05+00:00","mainEntityOfPage":{"@id":"https:\/\/mu.coherences.com\/ecoleduregard\/2026\/04\/22\/le-lieu\/"},"wordCount":101,"image":{"@id":"https:\/\/mu.coherences.com\/ecoleduregard\/2026\/04\/22\/le-lieu\/#primaryimage"},"thumbnailUrl":"https:\/\/mu.coherences.com\/ecoleduregard\/wp-content\/uploads\/sites\/4\/2025\/03\/CMS06143.jpg","inLanguage":"fr-FR"},{"@type":"WebPage","@id":"https:\/\/mu.coherences.com\/ecoleduregard\/2026\/04\/22\/le-lieu\/","url":"https:\/\/mu.coherences.com\/ecoleduregard\/2026\/04\/22\/le-lieu\/","name":"Lieu, contact - Bienvenu.e !","isPartOf":{"@id":"https:\/\/mu.coherences.com\/ecoleduregard\/#website"},"primaryImageOfPage":{"@id":"https:\/\/mu.coherences.com\/ecoleduregard\/2026\/04\/22\/le-lieu\/#primaryimage"},"image":{"@id":"https:\/\/mu.coherences.com\/ecoleduregard\/2026\/04\/22\/le-lieu\/#primaryimage"},"thumbnailUrl":"https:\/\/mu.coherences.com\/ecoleduregard\/wp-content\/uploads\/sites\/4\/2025\/03\/CMS06143.jpg","datePublished":"2026-04-22T14:20:04+00:00","dateModified":"2026-04-28T10:29:05+00:00","author":{"@id":"https:\/\/mu.coherences.com\/ecoleduregard\/#\/schema\/person\/9636eaa9b551acc278e109fd10ab5951"},"breadcrumb":{"@id":"https:\/\/mu.coherences.com\/ecoleduregard\/2026\/04\/22\/le-lieu\/#breadcrumb"},"inLanguage":"fr-FR","potentialAction":[{"@type":"ReadAction","target":["https:\/\/mu.coherences.com\/ecoleduregard\/2026\/04\/22\/le-lieu\/"]}]},{"@type":"ImageObject","inLanguage":"fr-FR","@id":"https:\/\/mu.coherences.com\/ecoleduregard\/2026\/04\/22\/le-lieu\/#primaryimage","url":"http:\/\/mu.coherences.com\/ecoleduregard\/wp-content\/uploads\/sites\/4\/2025\/03\/CMS06143.jpg","contentUrl":"http:\/\/mu.coherences.com\/ecoleduregard\/wp-content\/uploads\/sites\/4\/2025\/03\/CMS06143.jpg","width":1378,"height":919},{"@type":"BreadcrumbList","@id":"https:\/\/mu.coherences.com\/ecoleduregard\/2026\/04\/22\/le-lieu\/#breadcrumb","itemListElement":[{"@type":"ListItem","position":1,"name":"Accueil","item":"https:\/\/mu.coherences.com\/ecoleduregard\/"},{"@type":"ListItem","position":2,"name":"Lieu, contact"}]},{"@type":"WebSite","@id":"https:\/\/mu.coherences.com\/ecoleduregard\/#website","url":"https:\/\/mu.coherences.com\/ecoleduregard\/","name":"Bienvenu.e !","description":"","potentialAction":[{"@type":"SearchAction","target":{"@type":"EntryPoint","urlTemplate":"https:\/\/mu.coherences.com\/ecoleduregard\/?s={search_term_string}"},"query-input":{"@type":"PropertyValueSpecification","valueRequired":true,"valueName":"search_term_string"}}],"inLanguage":"fr-FR"},{"@type":"Person","@id":"https:\/\/mu.coherences.com\/ecoleduregard\/#\/schema\/person\/9636eaa9b551acc278e109fd10ab5951","name":"murielney","image":{"@type":"ImageObject","inLanguage":"fr-FR","@id":"https:\/\/secure.gravatar.com\/avatar\/1910856c237207117fb00198fda507fa8697eac0a566b2b7103375f15480cfaa?s=96&d=mm&r=g","url":"https:\/\/secure.gravatar.com\/avatar\/1910856c237207117fb00198fda507fa8697eac0a566b2b7103375f15480cfaa?s=96&d=mm&r=g","contentUrl":"https:\/\/secure.gravatar.com\/avatar\/1910856c237207117fb00198fda507fa8697eac0a566b2b7103375f15480cfaa?s=96&d=mm&r=g","caption":"murielney"},"description":"Muriel Ney artiste peintre, anime des stages de cr\u00e9ativit\u00e9 et peinture, et a fond\u00e9 une \u00e9cole du regard","sameAs":["https:\/\/www.facebook.com\/profile.php?id=100010183357886","@etilesum3237"],"url":"http:\/\/mu.coherences.com\/ecoleduregard\/author\/murielney\/"}]}},"_links":{"self":[{"href":"http:\/\/mu.coherences.com\/ecoleduregard\/wp-json\/wp\/v2\/posts\/122","targetHints":{"allow":["GET"]}}],"collection":[{"href":"http:\/\/mu.coherences.com\/ecoleduregard\/wp-json\/wp\/v2\/posts"}],"about":[{"href":"http:\/\/mu.coherences.com\/ecoleduregard\/wp-json\/wp\/v2\/types\/post"}],"author":[{"embeddable":true,"href":"http:\/\/mu.coherences.com\/ecoleduregard\/wp-json\/wp\/v2\/users\/1"}],"replies":[{"embeddable":true,"href":"http:\/\/mu.coherences.com\/ecoleduregard\/wp-json\/wp\/v2\/comments?post=122"}],"version-history":[{"count":42,"href":"http:\/\/mu.coherences.com\/ecoleduregard\/wp-json\/wp\/v2\/posts\/122\/revisions"}],"predecessor-version":[{"id":734,"href":"http:\/\/mu.coherences.com\/ecoleduregard\/wp-json\/wp\/v2\/posts\/122\/revisions\/734"}],"wp:attachment":[{"href":"http:\/\/mu.coherences.com\/ecoleduregard\/wp-json\/wp\/v2\/media?parent=122"}],"wp:term":[{"taxonomy":"category","embeddable":true,"href":"http:\/\/mu.coherences.com\/ecoleduregard\/wp-json\/wp\/v2\/categories?post=122"},{"taxonomy":"post_tag","embeddable":true,"href":"http:\/\/mu.coherences.com\/ecoleduregard\/wp-json\/wp\/v2\/tags?post=122"}],"curies":[{"name":"wp","href":"https:\/\/api.w.org\/{rel}","templated":true}]}}